{"id":8021,"date":"2022-06-29T16:20:20","date_gmt":"2022-06-29T16:20:20","guid":{"rendered":"https:\/\/civicspaceguardian.directoriolegislativo.org\/?p=8021"},"modified":"2022-06-29T16:23:12","modified_gmt":"2022-06-29T16:23:12","slug":"colombia-introduces-its-observa-platform-for-monitoring-human-rights","status":"publish","type":"post","link":"https:\/\/civicspaceguardian.directoriolegislativo.org\/index.php\/2022\/06\/29\/colombia-introduces-its-observa-platform-for-monitoring-human-rights\/","title":{"rendered":"Colombia introduces its Observa platform for monitoring human rights"},"content":{"rendered":"\t\t<div data-elementor-type=\"wp-post\" data-elementor-id=\"8021\" class=\"elementor elementor-8021\" data-elementor-settings=\"[]\">\n\t\t\t<div class=\"elementor-inner\">\n\t\t\t\t<div class=\"elementor-section-wrap\">\n\t\t\t\t\t\t\t<section class=\"elementor-element elementor-element-923c150 pos-absolute elementor-section-boxed elementor-section-height-default elementor-section-height-default elementor-section elementor-top-section\" data-id=\"923c150\" data-element_type=\"section\">\n\t\t\t\t\t\t<div class=\"elementor-container elementor-column-gap-default\">\n\t\t\t\t<div class=\"elementor-row\">\n\t\t\t\t<div class=\"elementor-element elementor-element-203a4cb2 pos-child elementor-column elementor-col-50 elementor-top-column\" data-id=\"203a4cb2\" data-element_type=\"column\">\n\t\t\t<div class=\"elementor-column-wrap  elementor-element-populated\">\n\t\t\t\t\t<div class=\"elementor-widget-wrap\">\n\t\t\t\t<div class=\"elementor-element elementor-element-5d974369 elementor-widget elementor-widget-image\" data-id=\"5d974369\" data-element_type=\"widget\" data-widget_type=\"image.default\">\n\t\t\t\t<div class=\"elementor-widget-container\">\n\t\t\t\t\t<div class=\"elementor-image\">\n\t\t\t\t\t\t\t\t\t\t<img loading=\"lazy\" decoding=\"async\" width=\"512\" height=\"512\" src=\"https:\/\/civicspaceguardian.directoriolegislativo.org\/wp-content\/uploads\/2020\/06\/colombia.png\" class=\"attachment-large size-large\" alt=\"\" srcset=\"https:\/\/civicspaceguardian.directoriolegislativo.org\/wp-content\/uploads\/2020\/06\/colombia.png 512w, https:\/\/civicspaceguardian.directoriolegislativo.org\/wp-content\/uploads\/2020\/06\/colombia-300x300.png 300w, https:\/\/civicspaceguardian.directoriolegislativo.org\/wp-content\/uploads\/2020\/06\/colombia-150x150.png 150w, https:\/\/civicspaceguardian.directoriolegislativo.org\/wp-content\/uploads\/2020\/06\/colombia-100x100.png 100w\" sizes=\"(max-width: 512px) 100vw, 512px\" \/>\t\t\t\t\t\t\t\t\t\t\t<\/div>\n\t\t\t\t<\/div>\n\t\t\t\t<\/div>\n\t\t\t\t\t\t<\/div>\n\t\t\t<\/div>\n\t\t<\/div>\n\t\t\t\t<div class=\"elementor-element elementor-element-45e6c18 elementor-column elementor-col-50 elementor-top-column\" data-id=\"45e6c18\" data-element_type=\"column\">\n\t\t\t<div class=\"elementor-column-wrap  elementor-element-populated\">\n\t\t\t\t\t<div class=\"elementor-widget-wrap\">\n\t\t\t\t<div class=\"elementor-element elementor-element-810d56f elementor-widget elementor-widget-heading\" data-id=\"810d56f\" data-element_type=\"widget\" data-widget_type=\"heading.default\">\n\t\t\t\t<div class=\"elementor-widget-container\">\n\t\t\t<h2 class=\"elementor-heading-title elementor-size-default\">Colombia<\/h2>\t\t<\/div>\n\t\t\t\t<\/div>\n\t\t\t\t\t\t<\/div>\n\t\t\t<\/div>\n\t\t<\/div>\n\t\t\t\t\t\t<\/div>\n\t\t\t<\/div>\n\t\t<\/section>\n\t\t\t\t<section class=\"elementor-element elementor-element-3cdb733a elementor-section-boxed elementor-section-height-default elementor-section-height-default elementor-section elementor-top-section\" data-id=\"3cdb733a\" data-element_type=\"section\">\n\t\t\t\t\t\t<div class=\"elementor-container elementor-column-gap-default\">\n\t\t\t\t<div class=\"elementor-row\">\n\t\t\t\t<div class=\"elementor-element elementor-element-1296b7de d-none elementor-column elementor-col-33 elementor-top-column\" data-id=\"1296b7de\" data-element_type=\"column\" data-settings=\"{&quot;background_background&quot;:&quot;classic&quot;}\">\n\t\t\t<div class=\"elementor-column-wrap  elementor-element-populated\">\n\t\t\t\t\t\t\t<div class=\"elementor-background-overlay\"><\/div>\n\t\t\t\t\t<div class=\"elementor-widget-wrap\">\n\t\t\t\t<div class=\"elementor-element elementor-element-7a445641 elementor-widget elementor-widget-heading\" data-id=\"7a445641\" data-element_type=\"widget\" data-widget_type=\"heading.default\">\n\t\t\t\t<div class=\"elementor-widget-container\">\n\t\t\t<h2 class=\"elementor-heading-title elementor-size-default\"><b>Impact<\/b> | Positive<\/h2>\t\t<\/div>\n\t\t\t\t<\/div>\n\t\t\t\t\t\t<\/div>\n\t\t\t<\/div>\n\t\t<\/div>\n\t\t\t\t<div class=\"elementor-element elementor-element-cefb64a d-none elementor-column elementor-col-33 elementor-top-column\" data-id=\"cefb64a\" data-element_type=\"column\" data-settings=\"{&quot;background_background&quot;:&quot;classic&quot;}\">\n\t\t\t<div class=\"elementor-column-wrap  elementor-element-populated\">\n\t\t\t\t\t\t\t<div class=\"elementor-background-overlay\"><\/div>\n\t\t\t\t\t<div class=\"elementor-widget-wrap\">\n\t\t\t\t<div class=\"elementor-element elementor-element-a117616 elementor-widget elementor-widget-heading\" data-id=\"a117616\" data-element_type=\"widget\" data-widget_type=\"heading.default\">\n\t\t\t\t<div class=\"elementor-widget-container\">\n\t\t\t<h2 class=\"elementor-heading-title elementor-size-default\"><b>CIVICUS Rating<\/b> | Repressed<\/h2>\t\t<\/div>\n\t\t\t\t<\/div>\n\t\t\t\t\t\t<\/div>\n\t\t\t<\/div>\n\t\t<\/div>\n\t\t\t\t<div class=\"elementor-element elementor-element-600be898 elementor-column elementor-col-33 elementor-top-column\" data-id=\"600be898\" data-element_type=\"column\">\n\t\t\t<div class=\"elementor-column-wrap\">\n\t\t\t\t\t<div class=\"elementor-widget-wrap\">\n\t\t\t\t\t\t<\/div>\n\t\t\t<\/div>\n\t\t<\/div>\n\t\t\t\t\t\t<\/div>\n\t\t\t<\/div>\n\t\t<\/section>\n\t\t\t\t<section class=\"elementor-element elementor-element-3ba6245a elementor-section-boxed elementor-section-height-default elementor-section-height-default elementor-section elementor-top-section\" data-id=\"3ba6245a\" data-element_type=\"section\">\n\t\t\t\t\t\t<div class=\"elementor-container elementor-column-gap-default\">\n\t\t\t\t<div class=\"elementor-row\">\n\t\t\t\t<div class=\"elementor-element elementor-element-7b257e96 d-none-2 elementor-column elementor-col-100 elementor-top-column\" data-id=\"7b257e96\" data-element_type=\"column\">\n\t\t\t<div class=\"elementor-column-wrap  elementor-element-populated\">\n\t\t\t\t\t<div class=\"elementor-widget-wrap\">\n\t\t\t\t<div class=\"elementor-element elementor-element-60bd47bb elementor-widget elementor-widget-text-editor\" data-id=\"60bd47bb\" data-element_type=\"widget\" data-widget_type=\"text-editor.default\">\n\t\t\t\t<div class=\"elementor-widget-container\">\n\t\t\t\t\t<div class=\"elementor-text-editor elementor-clearfix\"><section id=\"nota-9\" class=\"s-about\"><div class=\"row\"><div class=\"block-1-2 block-tab-full\"><div class=\"col-block lead center-text-elacult aos-init aos-animate\" data-aos=\"fade-up\"><p class=\"csg-sobre\"><span style=\"font-weight: 400;\">On May 17, President Iv\u00e1n Duque launched the <\/span><a href=\"https:\/\/derechoshumanos.gov.co\/Observatorio\/SNIDH\/Paginas\/index.aspx#test4\"><span style=\"font-weight: 400;\">Observa<\/span><\/a><span style=\"font-weight: 400;\"> platform to follow up and monitor the human rights situation in the country. Observa relies on a database and automated processes that are responsible for collecting information from different sources, processing the data, structuring it, analyzing it and reproducing it in different statistical models, for use in the design of public policies. It is structured in three modules: <\/span><a href=\"https:\/\/derechoshumanos.gov.co\/Observatorio\/SNIDH\/Paginas\/modulo-informacion-prevencion.aspx\"><span style=\"font-weight: 400;\">prevention of child and adolescent recruitment<\/span><\/a><span style=\"font-weight: 400;\">; <\/span><a href=\"https:\/\/derechoshumanos.gov.co\/Observatorio\/SNIDH\/Paginas\/modulo-mapas-de-riesgo.aspx\"><span style=\"font-weight: 400;\">risk of violation of the rights to life, liberty, integrity and security in the regions<\/span><\/a><span style=\"font-weight: 400;\">; and <\/span><a href=\"https:\/\/derechoshumanos.gov.co\/Observatorio\/SNIDH\/Paginas\/modulo-informacion-homicidios.aspx\"><span style=\"font-weight: 400;\">homicides of leaders and human rights defenders<\/span><\/a><span style=\"font-weight: 400;\">.<\/span><\/p><p><span style=\"font-weight: 400;\">The purpose of this tool is to take an important step forward in terms of transparency and accountability, as it would serve as a single platform for accessing all human rights information generated by public entities and agencies. In addition, it reduces the time and margin of error in the data collection and management process. The approach to the protection of human rights is not only the defense of personal integrity, but includes many other aspects such as the defense of minorities, freedom of expression, press, and association, among others.\u00a0<\/span><\/p><p><span style=\"font-weight: 400;\">The launch of the portal takes place in a <\/span><a href=\"https:\/\/civicspaceguardian.directoriolegislativo.org\/index.php\/category\/colombia-es\/\"><span style=\"font-weight: 400;\">context<\/span><\/a><span style=\"font-weight: 400;\"> of increasing violence against human rights defenders in Colombia, only in 2021 the platform recorded a total of 145 murders. According to the most recent data, between the months of January and April 2022 the UN High Commissioner for Human Rights <\/span><a href=\"http:\/\/alertas.directoriolegislativo.org\/wp-content\/uploads\/2022\/06\/04-30-2022-Homicidios-de-personas-defensoras-de-DDHH.pdf\"><span style=\"font-weight: 400;\">counted<\/span><\/a><span style=\"font-weight: 400;\"> a total of 71 homicide reports, 11 of which were confirmed, 52 are under investigation and 8 are inconclusive. Likewise, of the 11 verified homicides, 5 occurred in the Cauca region, 2 in Choc\u00f3, 2 in Cesar, 1 in Antioquia and another one in Nari\u00f1o, while there are others under investigation in the regions of Arauca, Boyac\u00e1, Meta, La Guajira.<\/span><\/p><\/div><\/div><\/div><\/section><\/div>\n\t\t\t\t<\/div>\n\t\t\t\t<\/div>\n\t\t\t\t\t\t<\/div>\n\t\t\t<\/div>\n\t\t<\/div>\n\t\t\t\t\t\t<\/div>\n\t\t\t<\/div>\n\t\t<\/section>\n\t\t\t\t<section class=\"elementor-element elementor-element-66df31f7 elementor-section-boxed elementor-section-height-default elementor-section-height-default elementor-section elementor-top-section\" data-id=\"66df31f7\" data-element_type=\"section\">\n\t\t\t\t\t\t<div class=\"elementor-container elementor-column-gap-default\">\n\t\t\t\t<div class=\"elementor-row\">\n\t\t\t\t<div class=\"elementor-element elementor-element-5a28517e elementor-column elementor-col-100 elementor-top-column\" data-id=\"5a28517e\" data-element_type=\"column\">\n\t\t\t<div class=\"elementor-column-wrap\">\n\t\t\t\t\t<div class=\"elementor-widget-wrap\">\n\t\t\t\t\t\t<\/div>\n\t\t\t<\/div>\n\t\t<\/div>\n\t\t\t\t\t\t<\/div>\n\t\t\t<\/div>\n\t\t<\/section>\n\t\t\t\t\t\t<\/div>\n\t\t\t<\/div>\n\t\t<\/div>\n\t\t","protected":false},"excerpt":{"rendered":"<p>Colombia Impact | Positive CIVICUS Rating | Repressed On May 17, President Iv\u00e1n Duque launched the Observa platform to follow up and monitor the human rights situation in the country. Observa relies on a database and automated processes that are responsible for collecting information from different sources, processing the data, structuring it, analyzing it and [&hellip;]<\/p>\n","protected":false},"author":1,"featured_media":7961,"comment_status":"open","ping_status":"open","sticky":false,"template":"","format":"standard","meta":{"_monsterinsights_skip_tracking":false,"_monsterinsights_sitenote_active":false,"_monsterinsights_sitenote_note":"","_monsterinsights_sitenote_category":0,"footnotes":""},"categories":[216,131],"tags":[163],"class_list":["post-8021","post","type-post","status-publish","format-standard","has-post-thumbnail","hentry","category-216","category-colombia-en","tag-citizen-participation"],"wps_subtitle":"","_links":{"self":[{"href":"https:\/\/civicspaceguardian.directoriolegislativo.org\/index.php\/wp-json\/wp\/v2\/posts\/8021"}],"collection":[{"href":"https:\/\/civicspaceguardian.directoriolegislativo.org\/index.php\/wp-json\/wp\/v2\/posts"}],"about":[{"href":"https:\/\/civicspaceguardian.directoriolegislativo.org\/index.php\/wp-json\/wp\/v2\/types\/post"}],"author":[{"embeddable":true,"href":"https:\/\/civicspaceguardian.directoriolegislativo.org\/index.php\/wp-json\/wp\/v2\/users\/1"}],"replies":[{"embeddable":true,"href":"https:\/\/civicspaceguardian.directoriolegislativo.org\/index.php\/wp-json\/wp\/v2\/comments?post=8021"}],"version-history":[{"count":2,"href":"https:\/\/civicspaceguardian.directoriolegislativo.org\/index.php\/wp-json\/wp\/v2\/posts\/8021\/revisions"}],"predecessor-version":[{"id":8023,"href":"https:\/\/civicspaceguardian.directoriolegislativo.org\/index.php\/wp-json\/wp\/v2\/posts\/8021\/revisions\/8023"}],"wp:featuredmedia":[{"embeddable":true,"href":"https:\/\/civicspaceguardian.directoriolegislativo.org\/index.php\/wp-json\/wp\/v2\/media\/7961"}],"wp:attachment":[{"href":"https:\/\/civicspaceguardian.directoriolegislativo.org\/index.php\/wp-json\/wp\/v2\/media?parent=8021"}],"wp:term":[{"taxonomy":"category","embeddable":true,"href":"https:\/\/civicspaceguardian.directoriolegislativo.org\/index.php\/wp-json\/wp\/v2\/categories?post=8021"},{"taxonomy":"post_tag","embeddable":true,"href":"https:\/\/civicspaceguardian.directoriolegislativo.org\/index.php\/wp-json\/wp\/v2\/tags?post=8021"}],"curies":[{"name":"wp","href":"https:\/\/api.w.org\/{rel}","templated":true}]}}