{"id":7950,"date":"2022-06-28T15:23:58","date_gmt":"2022-06-28T15:23:58","guid":{"rendered":"https:\/\/civicspaceguardian.directoriolegislativo.org\/?p=7950"},"modified":"2022-07-04T20:55:37","modified_gmt":"2022-07-04T20:55:37","slug":"la-ix-cumbre-de-las-americas-en-primera-persona-una-mirada-de-sociedad-civil-femenina-y-joven","status":"publish","type":"post","link":"https:\/\/civicspaceguardian.directoriolegislativo.org\/index.php\/2022\/06\/28\/la-ix-cumbre-de-las-americas-en-primera-persona-una-mirada-de-sociedad-civil-femenina-y-joven\/","title":{"rendered":"La IX Cumbre de las Am\u00e9ricas en primera persona: Una mirada de sociedad civil, femenina y joven"},"content":{"rendered":"\t\t<div data-elementor-type=\"wp-post\" data-elementor-id=\"7950\" class=\"elementor elementor-7950\" data-elementor-settings=\"[]\">\n\t\t\t<div class=\"elementor-inner\">\n\t\t\t\t<div class=\"elementor-section-wrap\">\n\t\t\t\t\t\t\t<section class=\"elementor-element elementor-element-14551694 pos-absolute elementor-section-boxed elementor-section-height-default elementor-section-height-default elementor-section elementor-top-section\" data-id=\"14551694\" data-element_type=\"section\">\n\t\t\t\t\t\t<div class=\"elementor-container elementor-column-gap-default\">\n\t\t\t\t<div class=\"elementor-row\">\n\t\t\t\t<div class=\"elementor-element elementor-element-58a731d6 pos-child elementor-column elementor-col-50 elementor-top-column\" data-id=\"58a731d6\" data-element_type=\"column\">\n\t\t\t<div class=\"elementor-column-wrap  elementor-element-populated\">\n\t\t\t\t\t<div class=\"elementor-widget-wrap\">\n\t\t\t\t<div class=\"elementor-element elementor-element-838cd6b elementor-widget elementor-widget-image\" data-id=\"838cd6b\" data-element_type=\"widget\" data-widget_type=\"image.default\">\n\t\t\t\t<div class=\"elementor-widget-container\">\n\t\t\t\t\t<div class=\"elementor-image\">\n\t\t\t\t\t\t\t\t\t\t<img loading=\"lazy\" decoding=\"async\" width=\"256\" height=\"256\" src=\"https:\/\/civicspaceguardian.directoriolegislativo.org\/wp-content\/uploads\/2020\/06\/americalatina.png\" class=\"attachment-large size-large\" alt=\"\" srcset=\"https:\/\/civicspaceguardian.directoriolegislativo.org\/wp-content\/uploads\/2020\/06\/americalatina.png 256w, https:\/\/civicspaceguardian.directoriolegislativo.org\/wp-content\/uploads\/2020\/06\/americalatina-150x150.png 150w, https:\/\/civicspaceguardian.directoriolegislativo.org\/wp-content\/uploads\/2020\/06\/americalatina-100x100.png 100w\" sizes=\"(max-width: 256px) 100vw, 256px\" \/>\t\t\t\t\t\t\t\t\t\t\t<\/div>\n\t\t\t\t<\/div>\n\t\t\t\t<\/div>\n\t\t\t\t\t\t<\/div>\n\t\t\t<\/div>\n\t\t<\/div>\n\t\t\t\t<div class=\"elementor-element elementor-element-2cc657e9 elementor-column elementor-col-50 elementor-top-column\" data-id=\"2cc657e9\" data-element_type=\"column\">\n\t\t\t<div class=\"elementor-column-wrap  elementor-element-populated\">\n\t\t\t\t\t<div class=\"elementor-widget-wrap\">\n\t\t\t\t<div class=\"elementor-element elementor-element-1c0b790b elementor-widget elementor-widget-heading\" data-id=\"1c0b790b\" data-element_type=\"widget\" data-widget_type=\"heading.default\">\n\t\t\t\t<div class=\"elementor-widget-container\">\n\t\t\t<h2 class=\"elementor-heading-title elementor-size-default\">Resto de Am\u00e9rica Latina<\/h2>\t\t<\/div>\n\t\t\t\t<\/div>\n\t\t\t\t\t\t<\/div>\n\t\t\t<\/div>\n\t\t<\/div>\n\t\t\t\t\t\t<\/div>\n\t\t\t<\/div>\n\t\t<\/section>\n\t\t\t\t<section class=\"elementor-element elementor-element-35ddac9b elementor-section-boxed elementor-section-height-default elementor-section-height-default elementor-section elementor-top-section\" data-id=\"35ddac9b\" data-element_type=\"section\">\n\t\t\t\t\t\t<div class=\"elementor-container elementor-column-gap-default\">\n\t\t\t\t<div class=\"elementor-row\">\n\t\t\t\t<div class=\"elementor-element elementor-element-110f3877 elementor-column elementor-col-100 elementor-top-column\" data-id=\"110f3877\" data-element_type=\"column\">\n\t\t\t<div class=\"elementor-column-wrap\">\n\t\t\t\t\t<div class=\"elementor-widget-wrap\">\n\t\t\t\t\t\t<\/div>\n\t\t\t<\/div>\n\t\t<\/div>\n\t\t\t\t\t\t<\/div>\n\t\t\t<\/div>\n\t\t<\/section>\n\t\t\t\t<section class=\"elementor-element elementor-element-75597fbf elementor-section-boxed elementor-section-height-default elementor-section-height-default elementor-section elementor-top-section\" data-id=\"75597fbf\" data-element_type=\"section\">\n\t\t\t\t\t\t<div class=\"elementor-container elementor-column-gap-default\">\n\t\t\t\t<div class=\"elementor-row\">\n\t\t\t\t<div class=\"elementor-element elementor-element-389402d2 d-none-2 elementor-column elementor-col-100 elementor-top-column\" data-id=\"389402d2\" data-element_type=\"column\">\n\t\t\t<div class=\"elementor-column-wrap  elementor-element-populated\">\n\t\t\t\t\t<div class=\"elementor-widget-wrap\">\n\t\t\t\t<div class=\"elementor-element elementor-element-11fbac08 elementor-widget elementor-widget-text-editor\" data-id=\"11fbac08\" data-element_type=\"widget\" data-widget_type=\"text-editor.default\">\n\t\t\t\t<div class=\"elementor-widget-container\">\n\t\t\t\t\t<div class=\"elementor-text-editor elementor-clearfix\"><section id=\"nota-9\" class=\"s-about\">\n<div class=\"row\">\n<div class=\"block-1-2 block-tab-full\">\n<div class=\"col-block lead center-text-elacult aos-init aos-animate\" data-aos=\"fade-up\">\n<span id=\"docs-internal-guid-bd954cc7-7fff-8c15-93d4-722937251854\"><p dir=\"ltr\" style=\"line-height:1.38;text-align: center;margin-top:10pt;margin-bottom:10pt;\"><span style=\"font-size: 11pt; font-family: Arial; color: rgb(0, 0, 0); background-color: transparent; font-variant-numeric: normal; font-variant-east-asian: normal; vertical-align: baseline; white-space: pre-wrap;\">Por Daniela Gilardoni<\/span><\/p><br><p dir=\"ltr\" style=\"line-height:1.38;text-align: justify;margin-top:10pt;margin-bottom:10pt;\"><span style=\"font-size: 11pt; font-family: Arial; color: rgb(0, 0, 0); background-color: transparent; font-variant-numeric: normal; font-variant-east-asian: normal; vertical-align: baseline; white-space: pre-wrap;\">En un marco de post pandemia, una fuerte degradaci\u00f3n de la calidad democr\u00e1tica en la regi\u00f3n y controversias en torno al pa\u00eds anfitri\u00f3n y la lista de invitados, tuvo lugar la IX Cumbre de las Am\u00e9ricas bajo el lema \u201cConstruyendo un futuro sostenible, resiliente y equitativo\u201d entre el 6 y el 10 de junio de 2022 en la ciudad de Los \u00c1ngeles.<\/span><\/p><p dir=\"ltr\" style=\"line-height:1.38;text-align: justify;margin-top:10pt;margin-bottom:10pt;\"><span style=\"font-size: 11pt; font-family: Arial; color: rgb(0, 0, 0); background-color: transparent; font-variant-numeric: normal; font-variant-east-asian: normal; vertical-align: baseline; white-space: pre-wrap;\">Como Responsable de Proyectos de la Fundaci\u00f3n Directorio Legislativo, tuve la oportunidad de asistir en representaci\u00f3n de la sociedad civil argentina en el Foro Ciudadano de las Am\u00e9ricas. Mucho se ha dicho ya sobre los diferendos que precedieron al encuentro, por eso no es ah\u00ed donde quiero poner la mirada en esta oportunidad. M\u00e1s bien, me gustar\u00eda aprovechar este espacio para reflexionar acerca de qu\u00e9 se puede mejorar y c\u00f3mo se podr\u00eda hacerlo para lograr que los compromisos asumidos contribuyan efectivamente al fortalecimiento de nuestras democracias.<\/span><\/p><p dir=\"ltr\" style=\"line-height:1.38;text-align: justify;margin-top:10pt;margin-bottom:10pt;\"><span style=\"font-size: 11pt; font-family: Arial; color: rgb(0, 0, 0); background-color: transparent; font-variant-numeric: normal; font-variant-east-asian: normal; vertical-align: baseline; white-space: pre-wrap;\">Vivirlo en primera persona me dej\u00f3 la impresi\u00f3n de que lo que aconteci\u00f3 en esos d\u00edas, en cierta medida, replica lo que sucede a mayor escala en el continente: falta de coordinaci\u00f3n en los esfuerzos y dificultades en la organizaci\u00f3n; liderazgos cuestionados y cuestionables; la exclusi\u00f3n de mandatarios de Cuba, Nicaragua y Venezuela como un parteaguas; intentos (a veces fallidos) de alcanzar la paridad de g\u00e9nero y la representaci\u00f3n de minor\u00edas en los espacios de toma de decisiones y la falta de respuestas concretas de pol\u00edticas p\u00fablicas y acuerdos internacionales para resolver los problemas que aquejan a las sociedades. Pero los eventos de esos d\u00edas tampoco pueden ser reducidos a eso. Tambi\u00e9n merece la pena destacar otra realidad de la que poco se habla: la presencia (ya sea f\u00edsica o virtual) de miles de personas que trabajan en pos de una regi\u00f3n m\u00e1s justa, m\u00e1s equitativa y, por sobre todo, m\u00e1s respetuosa de los derechos humanos.<\/span><\/p><p dir=\"ltr\" style=\"line-height:1.38;text-align: justify;margin-top:10pt;margin-bottom:10pt;\"><span style=\"font-size: 11pt; font-family: Arial; color: rgb(0, 0, 0); background-color: transparent; font-variant-numeric: normal; font-variant-east-asian: normal; vertical-align: baseline; white-space: pre-wrap;\">El Foro de la Sociedad Civil en el marco de la Cumbre de las Am\u00e9ricas es un espacio que, a\u00fan cuando no est\u00e1 exento de complejidades, desacuerdos y frustraciones, pone en un mismo lugar y tiempo a algunas de las organizaciones m\u00e1s relevantes de los escenarios nacionales y regionales para que puedan intercambiar vivencias, experiencias, cr\u00edticas constructivas y buenas pr\u00e1cticas. La sociedad civil de las Am\u00e9ricas es activa, es propositiva y es en\u00e9rgica. Temas como los derechos de las mujeres y las diversidades, las juventudes, la protecci\u00f3n del medio ambiente, la defensa de los derechos de los pueblos originarios, la lucha anticorrupci\u00f3n y el respeto al espacio c\u00edvico atravesaron los debates y se visibilizaron en los documentos finales del Foro. Y esto fue, en definitiva, gracias a la presencia y a la persistencia de esas organizaciones que trabajan d\u00eda a d\u00eda para lograr la representaci\u00f3n de aquellas personas a las que, en muchos casos, se les ha quitado su voz.&nbsp;<\/span><\/p><p dir=\"ltr\" style=\"line-height:1.38;text-align: justify;margin-top:10pt;margin-bottom:10pt;\"><span style=\"font-size: 11pt; font-family: Arial; color: rgb(0, 0, 0); background-color: transparent; font-weight: 700; font-variant-numeric: normal; font-variant-east-asian: normal; vertical-align: baseline; white-space: pre-wrap;\">\u00bfC\u00f3mo pueden estos encuentros aportar a la articulaci\u00f3n de las demandas de la sociedad civil?<\/span><span style=\"font-size: 11pt; font-family: Arial; color: rgb(0, 0, 0); background-color: transparent; font-variant-numeric: normal; font-variant-east-asian: normal; vertical-align: baseline; white-space: pre-wrap;\"> Ac\u00e1 van algunos puntos para repensar los espacios de debate pol\u00edtico en base a la experiencia de la \u00faltima Cumbre.&nbsp;<\/span><\/p><p dir=\"ltr\" style=\"line-height:1.38;text-align: justify;margin-top:10pt;margin-bottom:10pt;\"><span style=\"font-size: 11pt; font-family: Arial; color: rgb(0, 0, 0); background-color: transparent; font-variant-numeric: normal; font-variant-east-asian: normal; vertical-align: baseline; white-space: pre-wrap;\">1) <\/span><span style=\"font-size: 11pt; font-family: Arial; color: rgb(0, 0, 0); background-color: transparent; font-weight: 700; font-variant-numeric: normal; font-variant-east-asian: normal; vertical-align: baseline; white-space: pre-wrap;\">Alcanzar una<\/span><span style=\"font-size: 11pt; font-family: Arial; color: rgb(0, 0, 0); background-color: transparent; font-variant-numeric: normal; font-variant-east-asian: normal; vertical-align: baseline; white-space: pre-wrap;\"> <\/span><span style=\"font-size: 11pt; font-family: Arial; color: rgb(0, 0, 0); background-color: transparent; font-weight: 700; font-variant-numeric: normal; font-variant-east-asian: normal; vertical-align: baseline; white-space: pre-wrap;\">representaci\u00f3n amplia, diversa e inclusiva<\/span><span style=\"font-size: 11pt; font-family: Arial; color: rgb(0, 0, 0); background-color: transparent; font-variant-numeric: normal; font-variant-east-asian: normal; vertical-align: baseline; white-space: pre-wrap;\"> es un objetivo ambicioso pero hay aristas sobre las que se puede avanzar. En especial, la experiencia en la Cumbre me mostr\u00f3 que:<\/span><\/p><ul style=\"padding-inline-start: 48px;\"><li dir=\"ltr\" style=\"list-style-type: circle; font-size: 11pt; font-family: Arial; color: rgb(0, 0, 0); font-variant-numeric: normal; font-variant-east-asian: normal; white-space: pre; margin-left: 36pt;\" aria-level=\"2\"><p dir=\"ltr\" style=\"line-height:1.38;text-align: justify;margin-top:10pt;margin-bottom:10pt;\" role=\"presentation\"><span style=\"font-size: 11pt; background-color: transparent; font-variant-numeric: normal; font-variant-east-asian: normal; vertical-align: baseline; white-space: pre-wrap;\">Es necesario asegurar la participaci\u00f3n en las conversaciones y el involucramiento activo en la confecci\u00f3n de documentos de las com\u00fanmente llamadas <\/span><span style=\"font-size: 11pt; background-color: transparent; font-weight: 700; font-variant-numeric: normal; font-variant-east-asian: normal; vertical-align: baseline; white-space: pre-wrap;\">minor\u00edas<\/span><span style=\"font-size: 11pt; background-color: transparent; font-variant-numeric: normal; font-variant-east-asian: normal; vertical-align: baseline; white-space: pre-wrap;\"> (aunque este t\u00e9rmino no siempre refleje su peso poblacional real). Ninguna minor\u00eda con voluntad de participaci\u00f3n deber\u00eda quedar rezagada por falta de recursos para asistir f\u00edsicamente a espacios de intercambio regional o por carecer de conectividad en su lugar de residencia.&nbsp;<\/span><\/p><\/li><li dir=\"ltr\" style=\"list-style-type: circle; font-size: 11pt; font-family: Arial; color: rgb(0, 0, 0); font-variant-numeric: normal; font-variant-east-asian: normal; white-space: pre; margin-left: 36pt;\" aria-level=\"2\"><p dir=\"ltr\" style=\"line-height:1.38;text-align: justify;margin-top:10pt;margin-bottom:10pt;\" role=\"presentation\"><span style=\"font-size: 11pt; background-color: transparent; font-variant-numeric: normal; font-variant-east-asian: normal; vertical-align: baseline; white-space: pre-wrap;\">Hablar de un pa\u00eds como un todo, usualmente desde la capital o las grandes urbes, a veces opaca la comprensi\u00f3n de realidades de fuerte contraste dentro del mismo pa\u00eds. El <\/span><span style=\"font-size: 11pt; background-color: transparent; font-weight: 700; font-variant-numeric: normal; font-variant-east-asian: normal; vertical-align: baseline; white-space: pre-wrap;\">enfoque subnacional<\/span><span style=\"font-size: 11pt; background-color: transparent; font-variant-numeric: normal; font-variant-east-asian: normal; vertical-align: baseline; white-space: pre-wrap;\"> y las organizaciones que trabajan en este nivel deben ser contempladas tanto en las conversaciones como en la convocatoria.&nbsp;<\/span><\/p><\/li><li dir=\"ltr\" style=\"list-style-type: circle; font-size: 11pt; font-family: Arial; color: rgb(0, 0, 0); font-variant-numeric: normal; font-variant-east-asian: normal; white-space: pre; margin-left: 36pt;\" aria-level=\"2\"><p dir=\"ltr\" style=\"line-height:1.38;text-align: justify;margin-top:10pt;margin-bottom:10pt;\" role=\"presentation\"><span style=\"font-size: 11pt; background-color: transparent; font-variant-numeric: normal; font-variant-east-asian: normal; vertical-align: baseline; white-space: pre-wrap;\">Aunque a esta altura hay (o deber\u00eda haber) consenso sobre la necesidad de que <\/span><span style=\"font-size: 11pt; background-color: transparent; font-weight: 700; font-variant-numeric: normal; font-variant-east-asian: normal; vertical-align: baseline; white-space: pre-wrap;\">las mujeres<\/span><span style=\"font-size: 11pt; background-color: transparent; font-variant-numeric: normal; font-variant-east-asian: normal; vertical-align: baseline; white-space: pre-wrap;\"> debemos estar representadas en todos los espacios de toma de decisiones, esto no siempre se ve reflejado en la pr\u00e1ctica. A\u00fan hoy podemos ver la sobrerrepresentaci\u00f3n de los hombres en los paneles de expertos y en los altos cargos de gobierno. Mujeres de todas las etnias, edades y contextos socioecon\u00f3micos deben tener su lugar en la mesa de discusi\u00f3n p\u00fablica.<\/span><\/p><\/li><li dir=\"ltr\" style=\"list-style-type: circle; font-size: 11pt; font-family: Arial; color: rgb(0, 0, 0); font-variant-numeric: normal; font-variant-east-asian: normal; white-space: pre; margin-left: 36pt;\" aria-level=\"2\"><p dir=\"ltr\" style=\"line-height:1.38;text-align: justify;margin-top:10pt;margin-bottom:10pt;\" role=\"presentation\"><span style=\"font-size: 11pt; background-color: transparent; font-variant-numeric: normal; font-variant-east-asian: normal; vertical-align: baseline; white-space: pre-wrap;\">La inclusi\u00f3n de <\/span><span style=\"font-size: 11pt; background-color: transparent; font-weight: 700; font-variant-numeric: normal; font-variant-east-asian: normal; vertical-align: baseline; white-space: pre-wrap;\">las juventudes<\/span><span style=\"font-size: 11pt; background-color: transparent; font-variant-numeric: normal; font-variant-east-asian: normal; vertical-align: baseline; white-space: pre-wrap;\"> es central a la hora de pensar en la renovaci\u00f3n de mandos y en la construcci\u00f3n de las democracias. Las juventudes no s\u00f3lo debemos ser las protagonistas del futuro; debemos serlo en el presente tambi\u00e9n. Tenemos &#8211; y queremos &#8211; aportar nuevos puntos de vista y nuevas formas de mirar problemas nuevos o problemas viejos que se vienen discutiendo hace tiempo. Esto no implica crear espacios espec\u00edficos de intercambio entre j\u00f3venes, sino hacernos un lugar en la mesa junto al resto de los actores sociales.<\/span><\/p><\/li><\/ul><p dir=\"ltr\" style=\"line-height:1.38;text-align: justify;margin-top:10pt;margin-bottom:10pt;\"><span style=\"font-size: 11pt; font-family: Arial; color: rgb(0, 0, 0); background-color: transparent; font-weight: 700; font-variant-numeric: normal; font-variant-east-asian: normal; vertical-align: baseline; white-space: pre-wrap;\">2) Poner a la institucionalidad al servicio del cumplimiento de los objetivos, y no al rev\u00e9s. <\/span><span style=\"font-size: 11pt; font-family: Arial; color: rgb(0, 0, 0); background-color: transparent; font-variant-numeric: normal; font-variant-east-asian: normal; vertical-align: baseline; white-space: pre-wrap;\">Las redes, los grupos de trabajo, las mesas de di\u00e1logo, los foros y otros espacios de intercambio son excelentes oportunidades para conectar, vincular y aunar esfuerzos entre actores sociales. Sin embargo, puede ocurrir que la multiplicaci\u00f3n y superposici\u00f3n de canales atente contra esos mismos esfuerzos. Para optimizar el uso de recursos y evitar que la agenda se diluya, es importante tener un panorama claro de los espacios existentes, sus din\u00e1micas y sus participantes. As\u00ed, vamos a poder sacar un mayor provecho de las estructuras ya existentes y consolidadas (o transformarlas, en caso de necesidad) en lugar de duplicarlas con la creaci\u00f3n de nuevos canales.<\/span><\/p><p dir=\"ltr\" style=\"line-height:1.38;text-align: justify;margin-top:10pt;margin-bottom:10pt;\"><span style=\"font-size: 11pt; font-family: Arial; color: rgb(0, 0, 0); background-color: transparent; font-weight: 700; font-variant-numeric: normal; font-variant-east-asian: normal; vertical-align: baseline; white-space: pre-wrap;\">3) Acercar los procesos y los debates a todas las personas y eliminar barreras. <\/span><span style=\"font-size: 11pt; font-family: Arial; color: rgb(0, 0, 0); background-color: transparent; font-variant-numeric: normal; font-variant-east-asian: normal; vertical-align: baseline; white-space: pre-wrap;\">Tanto desde las organizaciones de la sociedad civil como desde los Estados es necesario utilizar un lenguaje accesible. El uso de vocabulario excesivamente formal o t\u00e9cnico no deber\u00eda ser una barrera para la comprensi\u00f3n com\u00fan de los importantes debates de nuestros tiempos. Por eso, todo lo que hacemos y discutimos en espacios como la Cumbre de las Am\u00e9ricas tiene que poder producir resultados que sean de f\u00e1cil comprensi\u00f3n para las poblaciones, incluidas las personas con discapacidad. Esto puede concretarse a trav\u00e9s de placas, res\u00famenes ejecutivos, infograf\u00edas o cualquier otro m\u00e9todo que permita ilustrar, de manera simple y concisa, los principales puntos conversados.<\/span><\/p><p dir=\"ltr\" style=\"line-height:1.38;text-align: justify;margin-top:10pt;margin-bottom:10pt;\"><span style=\"font-size: 11pt; font-family: Arial; color: rgb(0, 0, 0); background-color: transparent; font-weight: 700; font-variant-numeric: normal; font-variant-east-asian: normal; vertical-align: baseline; white-space: pre-wrap;\">4) Contemplar espacios de participaci\u00f3n para miembros de los poderes legislativos nacionales. <\/span><span style=\"font-size: 11pt; font-family: Arial; color: rgb(0, 0, 0); background-color: transparent; font-variant-numeric: normal; font-variant-east-asian: normal; vertical-align: baseline; white-space: pre-wrap;\">Los poderes legislativos son uno de los pilares fundamentales de las democracias; sin embargo, la Cumbre de las Am\u00e9ricas no tiene <\/span><span style=\"font-size: 11pt; font-family: Arial; color: rgb(0, 0, 0); background-color: transparent; font-style: italic; font-variant-numeric: normal; font-variant-east-asian: normal; vertical-align: baseline; white-space: pre-wrap;\">a priori<\/span><span style=\"font-size: 11pt; font-family: Arial; color: rgb(0, 0, 0); background-color: transparent; font-variant-numeric: normal; font-variant-east-asian: normal; vertical-align: baseline; white-space: pre-wrap;\"> un espacio formal para la participaci\u00f3n e intercambio de experiencias y buenas pr\u00e1cticas orientado a estos actores esenciales y a su vinculaci\u00f3n con la sociedad civil.<\/span><\/p><p dir=\"ltr\" style=\"line-height:1.38;text-align: justify;margin-top:10pt;margin-bottom:10pt;\"><span style=\"font-size: 11pt; font-family: Arial; color: rgb(0, 0, 0); background-color: transparent; font-weight: 700; font-variant-numeric: normal; font-variant-east-asian: normal; vertical-align: baseline; white-space: pre-wrap;\">5) Promover entornos de debate y escucha genuina entre la sociedad civil y las delegaciones gubernamentales. <\/span><span style=\"font-size: 11pt; font-family: Arial; color: rgb(0, 0, 0); background-color: transparent; font-variant-numeric: normal; font-variant-east-asian: normal; vertical-align: baseline; white-space: pre-wrap;\">La agenda de la IX Cumbre contempl\u00f3 un espacio espec\u00edfico para que el Foro de la Sociedad Civil exponga ante los representantes gubernamentales las conclusiones de su trabajo en cinco \u00e1reas: salud y resiliencia, futuro verde, energ\u00eda limpia, transformaci\u00f3n digital y gobernabilidad democr\u00e1tica. A pesar de lo prometedor de su enunciado, en la pr\u00e1ctica se plasm\u00f3 en una reuni\u00f3n con poca asistencia de las dos partes y en un apretado cronograma que s\u00f3lo dejaba lugar para tres minutos de exposici\u00f3n por tema. El intercambio genuino con la sociedad civil no deber\u00eda ser un tr\u00e1mite o una mera formalidad, sino la condici\u00f3n de estos espacios (dentro, fuera y alrededor), el ingrediente indispensable para garantizar acuerdos m\u00e1s inclusivos y representativos.&nbsp;<\/span><\/p><p dir=\"ltr\" style=\"line-height:1.38;text-align: justify;margin-top:10pt;margin-bottom:10pt;\"><span style=\"font-size: 11pt; font-family: Arial; color: rgb(0, 0, 0); background-color: transparent; font-weight: 700; font-variant-numeric: normal; font-variant-east-asian: normal; vertical-align: baseline; white-space: pre-wrap;\">6)<\/span><span style=\"font-size: 11pt; font-family: Arial; color: rgb(0, 0, 0); background-color: transparent; font-variant-numeric: normal; font-variant-east-asian: normal; vertical-align: baseline; white-space: pre-wrap;\"> <\/span><span style=\"font-size: 11pt; font-family: Arial; color: rgb(0, 0, 0); background-color: transparent; font-weight: 700; font-variant-numeric: normal; font-variant-east-asian: normal; vertical-align: baseline; white-space: pre-wrap;\">No dejar que cada edici\u00f3n inicie con una hoja de ruta en blanco<\/span><span style=\"font-size: 11pt; font-family: Arial; color: rgb(0, 0, 0); background-color: transparent; font-variant-numeric: normal; font-variant-east-asian: normal; vertical-align: baseline; white-space: pre-wrap;\"> es uno de los comentarios que m\u00e1s me resuenan como corolario de la Cumbre. \u00bfC\u00f3mo evitarlo? Trabajando seriamente con indicadores y herramientas de monitoreo y evaluaci\u00f3n que permitan analizar el progreso de los Estados en el cumplimiento de los acuerdos alcanzados. No s\u00f3lo es un registro sino tambi\u00e9n una herramienta para fortalecer la legitimidad y fiabilidad de los documentos que son producto de este tipo de eventos (y de la palabra de los gobiernos).<\/span><\/p><p dir=\"ltr\" style=\"line-height:1.38;text-align: justify;margin-top:10pt;margin-bottom:10pt;\"><span style=\"font-size: 11pt; font-family: Arial; color: rgb(0, 0, 0); background-color: transparent; font-variant-numeric: normal; font-variant-east-asian: normal; vertical-align: baseline; white-space: pre-wrap;\">Desde 1994, cuando se realiz\u00f3 la I Cumbre de las Am\u00e9ricas en la ciudad de Miami, estos encuentros continentales han marcado tanto ventanas de oportunidad como desilusiones en el escenario pol\u00edtico y social americano. En su novena edici\u00f3n, tras dos a\u00f1os de pandemia y una fuerte degradaci\u00f3n de la calidad democr\u00e1tica en el continente, la Cumbre volvi\u00f3 a reunir a mandatarios de (casi) todo el continente, representantes del sector privado y de la sociedad civil para discutir sobre los desaf\u00edos que enfrenta la regi\u00f3n.&nbsp;<\/span><\/p><p dir=\"ltr\" style=\"line-height:1.38;text-align: justify;margin-top:10pt;margin-bottom:10pt;\"><span style=\"font-size: 11pt; font-family: Arial; color: rgb(0, 0, 0); background-color: transparent; font-variant-numeric: normal; font-variant-east-asian: normal; vertical-align: baseline; white-space: pre-wrap;\">Queda mucho camino por recorrer y por eso estas reflexiones pretenden arrojar luz sobre las trayectorias de lo posible, de la esperanza y del futuro. Porque si algo confirm\u00f3 esta experiencia es mi convicci\u00f3n de que las posibilidades de trabajo conjunto desde la sociedad civil son infinitas. Nuestro continente enfrenta mil y un desaf\u00edos, pero tambi\u00e9n cuenta con un sinn\u00famero de actores sociales y estatales que quieren alcanzar esa regi\u00f3n m\u00e1s justa, m\u00e1s equitativa y, por sobre todo, m\u00e1s respetuosa de los derechos humanos con la que muchas personas so\u00f1amos. Ojal\u00e1 podamos, entre los actores de todos los sectores, aunar esfuerzos para lograrla.<\/span><span style=\"font-size: 11pt; font-family: Arial; color: rgb(0, 0, 0); background-color: transparent; font-variant-numeric: normal; font-variant-east-asian: normal; vertical-align: baseline; white-space: pre-wrap;\"><span style=\"width:100px;display:inline-block;position:relative;\"><\/span><\/span><\/p><\/span><p class=\"csg-sobre\"><span style=\"letter-spacing: 0px;\">&nbsp;<\/span><br><\/p><\/div><\/div><\/div><\/section><\/div>\n\t\t\t\t<\/div>\n\t\t\t\t<\/div>\n\t\t\t\t\t\t<\/div>\n\t\t\t<\/div>\n\t\t<\/div>\n\t\t\t\t\t\t<\/div>\n\t\t\t<\/div>\n\t\t<\/section>\n\t\t\t\t<section class=\"elementor-element elementor-element-649f0512 elementor-section-boxed elementor-section-height-default elementor-section-height-default elementor-section elementor-top-section\" data-id=\"649f0512\" data-element_type=\"section\">\n\t\t\t\t\t\t<div class=\"elementor-container elementor-column-gap-default\">\n\t\t\t\t<div class=\"elementor-row\">\n\t\t\t\t<div class=\"elementor-element elementor-element-31bfda1a elementor-column elementor-col-100 elementor-top-column\" data-id=\"31bfda1a\" data-element_type=\"column\">\n\t\t\t<div class=\"elementor-column-wrap\">\n\t\t\t\t\t<div class=\"elementor-widget-wrap\">\n\t\t\t\t\t\t<\/div>\n\t\t\t<\/div>\n\t\t<\/div>\n\t\t\t\t\t\t<\/div>\n\t\t\t<\/div>\n\t\t<\/section>\n\t\t\t\t\t\t<\/div>\n\t\t\t<\/div>\n\t\t<\/div>\n\t\t","protected":false},"excerpt":{"rendered":"<p>Resto de Am\u00e9rica Latina Por Daniela Gilardoni En un marco de post pandemia, una fuerte degradaci\u00f3n de la calidad democr\u00e1tica en la regi\u00f3n y controversias en torno al pa\u00eds anfitri\u00f3n y la lista de invitados, tuvo lugar la IX Cumbre de las Am\u00e9ricas bajo el lema \u201cConstruyendo un futuro sostenible, resiliente y equitativo\u201d entre el [&hellip;]<\/p>\n","protected":false},"author":1,"featured_media":7957,"comment_status":"open","ping_status":"open","sticky":false,"template":"","format":"standard","meta":{"_monsterinsights_skip_tracking":false,"_monsterinsights_sitenote_active":false,"_monsterinsights_sitenote_note":"","_monsterinsights_sitenote_category":0,"footnotes":""},"categories":[215,139],"tags":[161],"class_list":["post-7950","post","type-post","status-publish","format-standard","has-post-thumbnail","hentry","category-29-es","category-resto-es","tag-participacion-ciudadana"],"wps_subtitle":"","_links":{"self":[{"href":"https:\/\/civicspaceguardian.directoriolegislativo.org\/index.php\/wp-json\/wp\/v2\/posts\/7950"}],"collection":[{"href":"https:\/\/civicspaceguardian.directoriolegislativo.org\/index.php\/wp-json\/wp\/v2\/posts"}],"about":[{"href":"https:\/\/civicspaceguardian.directoriolegislativo.org\/index.php\/wp-json\/wp\/v2\/types\/post"}],"author":[{"embeddable":true,"href":"https:\/\/civicspaceguardian.directoriolegislativo.org\/index.php\/wp-json\/wp\/v2\/users\/1"}],"replies":[{"embeddable":true,"href":"https:\/\/civicspaceguardian.directoriolegislativo.org\/index.php\/wp-json\/wp\/v2\/comments?post=7950"}],"version-history":[{"count":6,"href":"https:\/\/civicspaceguardian.directoriolegislativo.org\/index.php\/wp-json\/wp\/v2\/posts\/7950\/revisions"}],"predecessor-version":[{"id":8069,"href":"https:\/\/civicspaceguardian.directoriolegislativo.org\/index.php\/wp-json\/wp\/v2\/posts\/7950\/revisions\/8069"}],"wp:featuredmedia":[{"embeddable":true,"href":"https:\/\/civicspaceguardian.directoriolegislativo.org\/index.php\/wp-json\/wp\/v2\/media\/7957"}],"wp:attachment":[{"href":"https:\/\/civicspaceguardian.directoriolegislativo.org\/index.php\/wp-json\/wp\/v2\/media?parent=7950"}],"wp:term":[{"taxonomy":"category","embeddable":true,"href":"https:\/\/civicspaceguardian.directoriolegislativo.org\/index.php\/wp-json\/wp\/v2\/categories?post=7950"},{"taxonomy":"post_tag","embeddable":true,"href":"https:\/\/civicspaceguardian.directoriolegislativo.org\/index.php\/wp-json\/wp\/v2\/tags?post=7950"}],"curies":[{"name":"wp","href":"https:\/\/api.w.org\/{rel}","templated":true}]}}