{"id":7801,"date":"2022-02-03T13:26:24","date_gmt":"2022-02-03T13:26:24","guid":{"rendered":"https:\/\/civicspaceguardian.directoriolegislativo.org\/?p=7801"},"modified":"2022-02-03T13:30:11","modified_gmt":"2022-02-03T13:30:11","slug":"el-oficialismo-reforma-el-tribunal-supremo-de-justicia","status":"publish","type":"post","link":"https:\/\/civicspaceguardian.directoriolegislativo.org\/index.php\/2022\/02\/03\/el-oficialismo-reforma-el-tribunal-supremo-de-justicia\/","title":{"rendered":"El oficialismo reforma el Tribunal Supremo de Justicia"},"content":{"rendered":"\t\t<div data-elementor-type=\"wp-post\" data-elementor-id=\"7801\" class=\"elementor elementor-7801\" data-elementor-settings=\"[]\">\n\t\t\t<div class=\"elementor-inner\">\n\t\t\t\t<div class=\"elementor-section-wrap\">\n\t\t\t\t\t\t\t<section class=\"elementor-element elementor-element-53a63b8e pos-absolute elementor-section-boxed elementor-section-height-default elementor-section-height-default elementor-section elementor-top-section\" data-id=\"53a63b8e\" data-element_type=\"section\">\n\t\t\t\t\t\t<div class=\"elementor-container elementor-column-gap-default\">\n\t\t\t\t<div class=\"elementor-row\">\n\t\t\t\t<div class=\"elementor-element elementor-element-525d39e8 pos-child elementor-column elementor-col-50 elementor-top-column\" data-id=\"525d39e8\" data-element_type=\"column\">\n\t\t\t<div class=\"elementor-column-wrap  elementor-element-populated\">\n\t\t\t\t\t<div class=\"elementor-widget-wrap\">\n\t\t\t\t<div class=\"elementor-element elementor-element-7e3fbbc elementor-widget elementor-widget-image\" data-id=\"7e3fbbc\" data-element_type=\"widget\" data-widget_type=\"image.default\">\n\t\t\t\t<div class=\"elementor-widget-container\">\n\t\t\t\t\t<div class=\"elementor-image\">\n\t\t\t\t\t\t\t\t\t\t<img loading=\"lazy\" decoding=\"async\" width=\"512\" height=\"512\" src=\"https:\/\/civicspaceguardian.directoriolegislativo.org\/wp-content\/uploads\/2020\/06\/venezuela.png\" class=\"attachment-large size-large\" alt=\"\" srcset=\"https:\/\/civicspaceguardian.directoriolegislativo.org\/wp-content\/uploads\/2020\/06\/venezuela.png 512w, https:\/\/civicspaceguardian.directoriolegislativo.org\/wp-content\/uploads\/2020\/06\/venezuela-300x300.png 300w, https:\/\/civicspaceguardian.directoriolegislativo.org\/wp-content\/uploads\/2020\/06\/venezuela-150x150.png 150w, https:\/\/civicspaceguardian.directoriolegislativo.org\/wp-content\/uploads\/2020\/06\/venezuela-100x100.png 100w\" sizes=\"(max-width: 512px) 100vw, 512px\" \/>\t\t\t\t\t\t\t\t\t\t\t<\/div>\n\t\t\t\t<\/div>\n\t\t\t\t<\/div>\n\t\t\t\t\t\t<\/div>\n\t\t\t<\/div>\n\t\t<\/div>\n\t\t\t\t<div class=\"elementor-element elementor-element-5e6682d4 elementor-column elementor-col-50 elementor-top-column\" data-id=\"5e6682d4\" data-element_type=\"column\">\n\t\t\t<div class=\"elementor-column-wrap  elementor-element-populated\">\n\t\t\t\t\t<div class=\"elementor-widget-wrap\">\n\t\t\t\t<div class=\"elementor-element elementor-element-5ed889fd elementor-widget elementor-widget-heading\" data-id=\"5ed889fd\" data-element_type=\"widget\" data-widget_type=\"heading.default\">\n\t\t\t\t<div class=\"elementor-widget-container\">\n\t\t\t<h2 class=\"elementor-heading-title elementor-size-default\">Venezuela<\/h2>\t\t<\/div>\n\t\t\t\t<\/div>\n\t\t\t\t\t\t<\/div>\n\t\t\t<\/div>\n\t\t<\/div>\n\t\t\t\t\t\t<\/div>\n\t\t\t<\/div>\n\t\t<\/section>\n\t\t\t\t<section class=\"elementor-element elementor-element-64765172 elementor-section-boxed elementor-section-height-default elementor-section-height-default elementor-section elementor-top-section\" data-id=\"64765172\" data-element_type=\"section\">\n\t\t\t\t\t\t<div class=\"elementor-container elementor-column-gap-default\">\n\t\t\t\t<div class=\"elementor-row\">\n\t\t\t\t<div class=\"elementor-element elementor-element-d08c660 d-none elementor-column elementor-col-33 elementor-top-column\" data-id=\"d08c660\" data-element_type=\"column\" data-settings=\"{&quot;background_background&quot;:&quot;classic&quot;}\">\n\t\t\t<div class=\"elementor-column-wrap  elementor-element-populated\">\n\t\t\t\t\t\t\t<div class=\"elementor-background-overlay\"><\/div>\n\t\t\t\t\t<div class=\"elementor-widget-wrap\">\n\t\t\t\t<div class=\"elementor-element elementor-element-7948c432 elementor-widget elementor-widget-heading\" data-id=\"7948c432\" data-element_type=\"widget\" data-widget_type=\"heading.default\">\n\t\t\t\t<div class=\"elementor-widget-container\">\n\t\t\t<h2 class=\"elementor-heading-title elementor-size-default\"><b>Impacto<\/b> | Negativo<\/h2>\t\t<\/div>\n\t\t\t\t<\/div>\n\t\t\t\t\t\t<\/div>\n\t\t\t<\/div>\n\t\t<\/div>\n\t\t\t\t<div class=\"elementor-element elementor-element-a551e63 d-none elementor-column elementor-col-33 elementor-top-column\" data-id=\"a551e63\" data-element_type=\"column\" data-settings=\"{&quot;background_background&quot;:&quot;classic&quot;}\">\n\t\t\t<div class=\"elementor-column-wrap  elementor-element-populated\">\n\t\t\t\t\t\t\t<div class=\"elementor-background-overlay\"><\/div>\n\t\t\t\t\t<div class=\"elementor-widget-wrap\">\n\t\t\t\t<div class=\"elementor-element elementor-element-26b3a7f elementor-widget elementor-widget-heading\" data-id=\"26b3a7f\" data-element_type=\"widget\" data-widget_type=\"heading.default\">\n\t\t\t\t<div class=\"elementor-widget-container\">\n\t\t\t<h2 class=\"elementor-heading-title elementor-size-default\"><b>Rating CIVICUS<\/b> | Reprimido<\/h2>\t\t<\/div>\n\t\t\t\t<\/div>\n\t\t\t\t\t\t<\/div>\n\t\t\t<\/div>\n\t\t<\/div>\n\t\t\t\t<div class=\"elementor-element elementor-element-27f0ca99 elementor-column elementor-col-33 elementor-top-column\" data-id=\"27f0ca99\" data-element_type=\"column\">\n\t\t\t<div class=\"elementor-column-wrap\">\n\t\t\t\t\t<div class=\"elementor-widget-wrap\">\n\t\t\t\t\t\t<\/div>\n\t\t\t<\/div>\n\t\t<\/div>\n\t\t\t\t\t\t<\/div>\n\t\t\t<\/div>\n\t\t<\/section>\n\t\t\t\t<section class=\"elementor-element elementor-element-36c096d elementor-section-boxed elementor-section-height-default elementor-section-height-default elementor-section elementor-top-section\" data-id=\"36c096d\" data-element_type=\"section\">\n\t\t\t\t\t\t<div class=\"elementor-container elementor-column-gap-default\">\n\t\t\t\t<div class=\"elementor-row\">\n\t\t\t\t<div class=\"elementor-element elementor-element-6190cd06 d-none-2 elementor-column elementor-col-100 elementor-top-column\" data-id=\"6190cd06\" data-element_type=\"column\">\n\t\t\t<div class=\"elementor-column-wrap  elementor-element-populated\">\n\t\t\t\t\t<div class=\"elementor-widget-wrap\">\n\t\t\t\t<div class=\"elementor-element elementor-element-1bbafe3d elementor-widget elementor-widget-text-editor\" data-id=\"1bbafe3d\" data-element_type=\"widget\" data-widget_type=\"text-editor.default\">\n\t\t\t\t<div class=\"elementor-widget-container\">\n\t\t\t\t\t<div class=\"elementor-text-editor elementor-clearfix\"><section id=\"nota-9\" class=\"s-about\"><div class=\"row\"><div class=\"block-1-2 block-tab-full\"><div class=\"col-block lead center-text-elacult aos-init aos-animate\" data-aos=\"fade-up\"><p><span style=\"font-weight: 400;\">El 19 de enero se public\u00f3 en la Gaceta Oficial la <\/span><a href=\"http:\/\/historico.tsj.gob.ve\/gaceta_ext\/enero\/1912022\/E-1912022-6403.pdf#page=1\"><span style=\"font-weight: 400;\">ley de reforma del Tribunal Supremo de Justicia (TSJ)<\/span><\/a><span style=\"font-weight: 400;\">. La normativa contempla una reducci\u00f3n del n\u00famero de magistrados, que pasar\u00eda de un total de 32 a 20 miembros. La reducci\u00f3n se da tanto en la Sala Constitucional -que pasa de 7 a 5 miembros-,\u00a0 como en las otras cinco salas restantes que pasan de un total de 5 a 3 miembros. La reforma modifica tambi\u00e9n el proceso de designaci\u00f3n de los\/as magistrados\/as titulares y suplentes.\u00a0<\/span><\/p><p><span style=\"font-weight: 400;\">Antes de la reforma, ante la imposibilidad de aprobar la designaci\u00f3n de un\/a magistrado\/a con el voto de las dos terceras partes de los miembros de la AN en las 3 sesiones plenarias convocadas a tal efecto, la ley preve\u00eda la posibilidad de que la misma fuera aprobada por mayor\u00eda simple en una cuarta sesi\u00f3n. Seg\u00fan la normativa recientemente aprobada, toda designaci\u00f3n de miembros titulares y suplentes del TSJ debe ser aprobada por dos terceras partes de los miembros de la AN en las sesiones plenarias convocadas a tal efecto. Otro aspecto importante de la reforma consiste en la expansi\u00f3n del Comit\u00e9 de Postulaciones Judiciales, que pas\u00f3 de un total de 11 a 21 miembros.\u00a0 De estos 6 son diputados\/as, mientras que otros 5 miembros son elegidos por la sociedad civil. Adem\u00e1s, se crea la figura de la Comisi\u00f3n Preliminar, un ente encargado de preseleccionar los\/as posibles candidatos\/as al m\u00e1ximo tribunal.<\/span><\/p><p><span style=\"font-weight: 400;\">La sociedad civil fue la primera en manifestarse en contra de la reforma. La OSC <\/span><a href=\"https:\/\/accesoalajusticia.org\/nueva-ley-organica-del-tsj-confirma-la-falta-de-voluntad-politica-para-construir-una-justicia-independiente-en-venezuela\/\"><span style=\"font-weight: 400;\">Acceso a la Justicia<\/span><\/a><span style=\"font-weight: 400;\"> se\u00f1al\u00f3 que en la propuesta inicial la mayor\u00eda de los miembros del Comit\u00e9 de Postulaciones Judiciales eran elegidos por la sociedad civil, mientras que en la reforma aprobada estos son en su mayor\u00eda diputados. En cuanto a las nuevas reglas para la designaci\u00f3n de jueces, sentenci\u00f3 \u201cQueda claro que el chavismo nunca tuvo intenciones reales de avanzar en la recuperaci\u00f3n de la autonom\u00eda del TSJ y que desea seguir ejerciendo control pol\u00edtico sobre las designaciones de los miembros del m\u00e1ximo juzgado.\u201d Por su parte, <\/span><a href=\"https:\/\/provea.org\/actualidad\/derechos-civiles-y-politicos\/pronunciamiento-ante-reforma-de-la-ley-del-tribunal-supremo-de-justicia-foro-civico-y-ong-de-derechos-humanos\/\"><span style=\"font-weight: 400;\">Provea<\/span><\/a><span style=\"font-weight: 400;\"> indic\u00f3 que la Constituci\u00f3n Nacional establece que el Comit\u00e9 de Postulaciones es un \u00f3rgano de car\u00e1cter jur\u00eddico y, por lo tanto, no debe operar en el \u00e1mbito del poder legislativo. Ambas OSCs coincidieron en que la existencia de un \u00f3rgano intermedio como la Comisi\u00f3n Preliminar no est\u00e1 prevista en la carta magna y que su existencia es por ende inconstitucional. En cuanto a las nuevas reglas para la designaci\u00f3n de jueces, las consider\u00f3 una medida alentadora respecto de la anterior posibilidad que reg\u00eda desde 1999 y que mantuvo a magistrados afines al gobierno en el poder. No obstante, cuestion\u00f3 su viabilidad en un escenario en donde la Asamblea Nacional posee una legitimidad cuestionable en donde los espacios representados por la oposici\u00f3n son \u00ednfimos.<\/span><\/p><\/div><\/div><\/div><\/section><section id=\"nota-10\" class=\"s-about-gray\"><div class=\"row section-header aos-init aos-animate\" data-aos=\"fade-up\"><div class=\"col-full\">\u00a0<\/div><\/div><\/section><\/div>\n\t\t\t\t<\/div>\n\t\t\t\t<\/div>\n\t\t\t\t\t\t<\/div>\n\t\t\t<\/div>\n\t\t<\/div>\n\t\t\t\t\t\t<\/div>\n\t\t\t<\/div>\n\t\t<\/section>\n\t\t\t\t<section class=\"elementor-element elementor-element-27a15827 elementor-section-boxed elementor-section-height-default elementor-section-height-default elementor-section elementor-top-section\" data-id=\"27a15827\" data-element_type=\"section\">\n\t\t\t\t\t\t<div class=\"elementor-container elementor-column-gap-default\">\n\t\t\t\t<div class=\"elementor-row\">\n\t\t\t\t<div class=\"elementor-element elementor-element-38fa2cd0 elementor-column elementor-col-100 elementor-top-column\" data-id=\"38fa2cd0\" data-element_type=\"column\">\n\t\t\t<div class=\"elementor-column-wrap\">\n\t\t\t\t\t<div class=\"elementor-widget-wrap\">\n\t\t\t\t\t\t<\/div>\n\t\t\t<\/div>\n\t\t<\/div>\n\t\t\t\t\t\t<\/div>\n\t\t\t<\/div>\n\t\t<\/section>\n\t\t\t\t\t\t<\/div>\n\t\t\t<\/div>\n\t\t<\/div>\n\t\t","protected":false},"excerpt":{"rendered":"<p>Venezuela Impacto | Negativo Rating CIVICUS | Reprimido El 19 de enero se public\u00f3 en la Gaceta Oficial la ley de reforma del Tribunal Supremo de Justicia (TSJ). La normativa contempla una reducci\u00f3n del n\u00famero de magistrados, que pasar\u00eda de un total de 32 a 20 miembros. La reducci\u00f3n se da tanto en la Sala [&hellip;]<\/p>\n","protected":false},"author":1,"featured_media":7802,"comment_status":"open","ping_status":"open","sticky":false,"template":"","format":"standard","meta":{"_monsterinsights_skip_tracking":false,"_monsterinsights_sitenote_active":false,"_monsterinsights_sitenote_note":"","_monsterinsights_sitenote_category":0,"footnotes":""},"categories":[207,108],"tags":[161],"class_list":["post-7801","post","type-post","status-publish","format-standard","has-post-thumbnail","hentry","category-25-es","category-venezuela-es","tag-participacion-ciudadana"],"wps_subtitle":"","_links":{"self":[{"href":"https:\/\/civicspaceguardian.directoriolegislativo.org\/index.php\/wp-json\/wp\/v2\/posts\/7801"}],"collection":[{"href":"https:\/\/civicspaceguardian.directoriolegislativo.org\/index.php\/wp-json\/wp\/v2\/posts"}],"about":[{"href":"https:\/\/civicspaceguardian.directoriolegislativo.org\/index.php\/wp-json\/wp\/v2\/types\/post"}],"author":[{"embeddable":true,"href":"https:\/\/civicspaceguardian.directoriolegislativo.org\/index.php\/wp-json\/wp\/v2\/users\/1"}],"replies":[{"embeddable":true,"href":"https:\/\/civicspaceguardian.directoriolegislativo.org\/index.php\/wp-json\/wp\/v2\/comments?post=7801"}],"version-history":[{"count":2,"href":"https:\/\/civicspaceguardian.directoriolegislativo.org\/index.php\/wp-json\/wp\/v2\/posts\/7801\/revisions"}],"predecessor-version":[{"id":7804,"href":"https:\/\/civicspaceguardian.directoriolegislativo.org\/index.php\/wp-json\/wp\/v2\/posts\/7801\/revisions\/7804"}],"wp:featuredmedia":[{"embeddable":true,"href":"https:\/\/civicspaceguardian.directoriolegislativo.org\/index.php\/wp-json\/wp\/v2\/media\/7802"}],"wp:attachment":[{"href":"https:\/\/civicspaceguardian.directoriolegislativo.org\/index.php\/wp-json\/wp\/v2\/media?parent=7801"}],"wp:term":[{"taxonomy":"category","embeddable":true,"href":"https:\/\/civicspaceguardian.directoriolegislativo.org\/index.php\/wp-json\/wp\/v2\/categories?post=7801"},{"taxonomy":"post_tag","embeddable":true,"href":"https:\/\/civicspaceguardian.directoriolegislativo.org\/index.php\/wp-json\/wp\/v2\/tags?post=7801"}],"curies":[{"name":"wp","href":"https:\/\/api.w.org\/{rel}","templated":true}]}}