{"id":7670,"date":"2021-11-02T17:49:40","date_gmt":"2021-11-02T17:49:40","guid":{"rendered":"https:\/\/civicspaceguardian.directoriolegislativo.org\/?p=7670"},"modified":"2021-11-02T18:03:08","modified_gmt":"2021-11-02T18:03:08","slug":"la-asamblea-legislativa-prohibio-las-concentraciones-masivas-hasta-diciembre","status":"publish","type":"post","link":"https:\/\/civicspaceguardian.directoriolegislativo.org\/index.php\/2021\/11\/02\/la-asamblea-legislativa-prohibio-las-concentraciones-masivas-hasta-diciembre\/","title":{"rendered":"La Asamblea Legislativa prohibi\u00f3 las concentraciones masivas hasta diciembre"},"content":{"rendered":"\t\t<div data-elementor-type=\"wp-post\" data-elementor-id=\"7670\" class=\"elementor elementor-7670\" data-elementor-settings=\"[]\">\n\t\t\t<div class=\"elementor-inner\">\n\t\t\t\t<div class=\"elementor-section-wrap\">\n\t\t\t\t\t\t\t<section class=\"elementor-element elementor-element-fe1f085 pos-absolute elementor-section-boxed elementor-section-height-default elementor-section-height-default elementor-section elementor-top-section\" data-id=\"fe1f085\" data-element_type=\"section\">\n\t\t\t\t\t\t<div class=\"elementor-container elementor-column-gap-default\">\n\t\t\t\t<div class=\"elementor-row\">\n\t\t\t\t<div class=\"elementor-element elementor-element-71b6cc4a pos-child elementor-column elementor-col-50 elementor-top-column\" data-id=\"71b6cc4a\" data-element_type=\"column\">\n\t\t\t<div class=\"elementor-column-wrap  elementor-element-populated\">\n\t\t\t\t\t<div class=\"elementor-widget-wrap\">\n\t\t\t\t<div class=\"elementor-element elementor-element-121cae8c elementor-widget elementor-widget-image\" data-id=\"121cae8c\" data-element_type=\"widget\" data-widget_type=\"image.default\">\n\t\t\t\t<div class=\"elementor-widget-container\">\n\t\t\t\t\t<div class=\"elementor-image\">\n\t\t\t\t\t\t\t\t\t\t<img loading=\"lazy\" decoding=\"async\" width=\"512\" height=\"512\" src=\"https:\/\/civicspaceguardian.directoriolegislativo.org\/wp-content\/uploads\/2020\/07\/salvador.png\" class=\"attachment-large size-large\" alt=\"\" srcset=\"https:\/\/civicspaceguardian.directoriolegislativo.org\/wp-content\/uploads\/2020\/07\/salvador.png 512w, https:\/\/civicspaceguardian.directoriolegislativo.org\/wp-content\/uploads\/2020\/07\/salvador-300x300.png 300w, https:\/\/civicspaceguardian.directoriolegislativo.org\/wp-content\/uploads\/2020\/07\/salvador-150x150.png 150w, https:\/\/civicspaceguardian.directoriolegislativo.org\/wp-content\/uploads\/2020\/07\/salvador-100x100.png 100w\" sizes=\"(max-width: 512px) 100vw, 512px\" \/>\t\t\t\t\t\t\t\t\t\t\t<\/div>\n\t\t\t\t<\/div>\n\t\t\t\t<\/div>\n\t\t\t\t\t\t<\/div>\n\t\t\t<\/div>\n\t\t<\/div>\n\t\t\t\t<div class=\"elementor-element elementor-element-27fc0045 elementor-column elementor-col-50 elementor-top-column\" data-id=\"27fc0045\" data-element_type=\"column\">\n\t\t\t<div class=\"elementor-column-wrap  elementor-element-populated\">\n\t\t\t\t\t<div class=\"elementor-widget-wrap\">\n\t\t\t\t<div class=\"elementor-element elementor-element-526b418e elementor-widget elementor-widget-heading\" data-id=\"526b418e\" data-element_type=\"widget\" data-widget_type=\"heading.default\">\n\t\t\t\t<div class=\"elementor-widget-container\">\n\t\t\t<h2 class=\"elementor-heading-title elementor-size-default\">El Salvador<\/h2>\t\t<\/div>\n\t\t\t\t<\/div>\n\t\t\t\t\t\t<\/div>\n\t\t\t<\/div>\n\t\t<\/div>\n\t\t\t\t\t\t<\/div>\n\t\t\t<\/div>\n\t\t<\/section>\n\t\t\t\t<section class=\"elementor-element elementor-element-6ba2dc72 elementor-section-boxed elementor-section-height-default elementor-section-height-default elementor-section elementor-top-section\" data-id=\"6ba2dc72\" data-element_type=\"section\">\n\t\t\t\t\t\t<div class=\"elementor-container elementor-column-gap-default\">\n\t\t\t\t<div class=\"elementor-row\">\n\t\t\t\t<div class=\"elementor-element elementor-element-4535fd74 d-none elementor-column elementor-col-33 elementor-top-column\" data-id=\"4535fd74\" data-element_type=\"column\" data-settings=\"{&quot;background_background&quot;:&quot;classic&quot;}\">\n\t\t\t<div class=\"elementor-column-wrap  elementor-element-populated\">\n\t\t\t\t\t\t\t<div class=\"elementor-background-overlay\"><\/div>\n\t\t\t\t\t<div class=\"elementor-widget-wrap\">\n\t\t\t\t<div class=\"elementor-element elementor-element-3b1e39b9 elementor-widget elementor-widget-heading\" data-id=\"3b1e39b9\" data-element_type=\"widget\" data-widget_type=\"heading.default\">\n\t\t\t\t<div class=\"elementor-widget-container\">\n\t\t\t<h2 class=\"elementor-heading-title elementor-size-default\"><b>Impacto<\/b> | Negativo<\/h2>\t\t<\/div>\n\t\t\t\t<\/div>\n\t\t\t\t\t\t<\/div>\n\t\t\t<\/div>\n\t\t<\/div>\n\t\t\t\t<div class=\"elementor-element elementor-element-4ef3baf d-none elementor-column elementor-col-33 elementor-top-column\" data-id=\"4ef3baf\" data-element_type=\"column\" data-settings=\"{&quot;background_background&quot;:&quot;classic&quot;}\">\n\t\t\t<div class=\"elementor-column-wrap  elementor-element-populated\">\n\t\t\t\t\t\t\t<div class=\"elementor-background-overlay\"><\/div>\n\t\t\t\t\t<div class=\"elementor-widget-wrap\">\n\t\t\t\t<div class=\"elementor-element elementor-element-493b922 elementor-widget elementor-widget-heading\" data-id=\"493b922\" data-element_type=\"widget\" data-widget_type=\"heading.default\">\n\t\t\t\t<div class=\"elementor-widget-container\">\n\t\t\t<h2 class=\"elementor-heading-title elementor-size-default\"><b>Rating CIVICUS<\/b> | Obstruido<\/h2>\t\t<\/div>\n\t\t\t\t<\/div>\n\t\t\t\t\t\t<\/div>\n\t\t\t<\/div>\n\t\t<\/div>\n\t\t\t\t<div class=\"elementor-element elementor-element-1f8daa4e elementor-column elementor-col-33 elementor-top-column\" data-id=\"1f8daa4e\" data-element_type=\"column\">\n\t\t\t<div class=\"elementor-column-wrap\">\n\t\t\t\t\t<div class=\"elementor-widget-wrap\">\n\t\t\t\t\t\t<\/div>\n\t\t\t<\/div>\n\t\t<\/div>\n\t\t\t\t\t\t<\/div>\n\t\t\t<\/div>\n\t\t<\/section>\n\t\t\t\t<section class=\"elementor-element elementor-element-26e2c2ff elementor-section-boxed elementor-section-height-default elementor-section-height-default elementor-section elementor-top-section\" data-id=\"26e2c2ff\" data-element_type=\"section\">\n\t\t\t\t\t\t<div class=\"elementor-container elementor-column-gap-default\">\n\t\t\t\t<div class=\"elementor-row\">\n\t\t\t\t<div class=\"elementor-element elementor-element-271d49d6 d-none-2 elementor-column elementor-col-100 elementor-top-column\" data-id=\"271d49d6\" data-element_type=\"column\">\n\t\t\t<div class=\"elementor-column-wrap  elementor-element-populated\">\n\t\t\t\t\t<div class=\"elementor-widget-wrap\">\n\t\t\t\t<div class=\"elementor-element elementor-element-56ba4255 elementor-widget elementor-widget-text-editor\" data-id=\"56ba4255\" data-element_type=\"widget\" data-widget_type=\"text-editor.default\">\n\t\t\t\t<div class=\"elementor-widget-container\">\n\t\t\t\t\t<div class=\"elementor-text-editor elementor-clearfix\"><p><span style=\"font-weight: 400;\">El 20 de octubre la Asamblea Legislativa, controlada por el oficialismo, sancion\u00f3 sin discusi\u00f3n previa un decreto legislativo que <\/span><span style=\"font-weight: 400;\">prorroga <\/span><span style=\"font-weight: 400;\">hasta el 8 de diciembre de 2022 la <\/span><a href=\"https:\/\/alertas.directoriolegislativo.org\/wp-content\/uploads\/2021\/10\/13-07-2021.pdf#page=66\"><span style=\"font-weight: 400;\">prohibici\u00f3n<\/span> <\/a><span style=\"font-weight: 400;\">de las concentraciones p\u00fablicas y privadas masivas, en las que no se respete el distanciamiento social ni los protocolos de bioseguridad y donde participen personas sin esquema completo de vacunaci\u00f3n. La medida, sugerentemente aprobada a solo tres d\u00edas de la movilizaci\u00f3n multitudinaria en contra del gobierno del presidente Nayib Bukele, fue ampliamente criticada por la sociedad civil.\u00a0<\/span><\/p><p><span style=\"font-weight: 400;\">Quienes organicen, convoquen o promuevan concentraciones podr\u00e1n ser acusados por desobediencia y enfrentar penas de hasta tres a\u00f1os de prisi\u00f3n o multas de hasta USD 35.000. El decreto faculta a la Fiscal\u00eda General de la Rep\u00fablica (FGR) para iniciar una investigaci\u00f3n de oficio, mientras que el Ministerio de Salud y la Polic\u00eda Nacional Civil podr\u00e1n suspender o prohibir la entrada a cualquier persona, organizador o asistente, que infrinja las medidas.\u00a0<\/span><\/p><p><span style=\"font-weight: 400;\">El decreto fue posteriormente <\/span><a href=\"http:\/\/alertas.directoriolegislativo.org\/wp-content\/uploads\/2021\/10\/1FA3611B-CB05-44CF-A792-48D90185C48A.pdf\"><span style=\"font-weight: 400;\">observado<\/span><\/a><span style=\"font-weight: 400;\"> por el Poder Ejecutivo pues este hab\u00eda sido aprobado tras el vencimiento del plazo que pretend\u00eda prorrogar, lo que impedir\u00eda su correcta aplicaci\u00f3n.<\/span><\/p><p><span style=\"font-weight: 400;\">Varias organizaciones de la sociedad civil criticaron la medida alegando de que se trata una \u201ccriminalizaci\u00f3n de la protesta\u201d, que atenta contra la libertad de expresi\u00f3n, no solo por la prohibici\u00f3n de las movilizaciones sino tambi\u00e9n por darle facultad a la FGR, af\u00edn al presidente, a actuar contra quienes las promuevan. Desde el Poder Legislativo se emiti\u00f3 un <\/span><a href=\"http:\/\/alertas.directoriolegislativo.org\/wp-content\/uploads\/2021\/10\/FCP7CsJWEAM64Ur.png\"><span style=\"font-weight: 400;\">comunicado<\/span><\/a><span style=\"font-weight: 400;\"> en el que se rechazan estas acusaciones y se alude a las cr\u00edticas como un intento de \u201ctergiversaci\u00f3n de la informaci\u00f3n\u201d<\/span><span style=\"font-weight: 400;\">. <\/span><\/p><\/div>\n\t\t\t\t<\/div>\n\t\t\t\t<\/div>\n\t\t\t\t\t\t<\/div>\n\t\t\t<\/div>\n\t\t<\/div>\n\t\t\t\t\t\t<\/div>\n\t\t\t<\/div>\n\t\t<\/section>\n\t\t\t\t<section class=\"elementor-element elementor-element-78690ecd elementor-section-boxed elementor-section-height-default elementor-section-height-default elementor-section elementor-top-section\" data-id=\"78690ecd\" data-element_type=\"section\">\n\t\t\t\t\t\t<div class=\"elementor-container elementor-column-gap-default\">\n\t\t\t\t<div class=\"elementor-row\">\n\t\t\t\t<div class=\"elementor-element elementor-element-70698fc8 elementor-column elementor-col-100 elementor-top-column\" data-id=\"70698fc8\" data-element_type=\"column\">\n\t\t\t<div class=\"elementor-column-wrap\">\n\t\t\t\t\t<div class=\"elementor-widget-wrap\">\n\t\t\t\t\t\t<\/div>\n\t\t\t<\/div>\n\t\t<\/div>\n\t\t\t\t\t\t<\/div>\n\t\t\t<\/div>\n\t\t<\/section>\n\t\t\t\t\t\t<\/div>\n\t\t\t<\/div>\n\t\t<\/div>\n\t\t","protected":false},"excerpt":{"rendered":"<p>El Salvador Impacto | Negativo Rating CIVICUS | Obstruido El 20 de octubre la Asamblea Legislativa, controlada por el oficialismo, sancion\u00f3 sin discusi\u00f3n previa un decreto legislativo que prorroga hasta el 8 de diciembre de 2022 la prohibici\u00f3n de las concentraciones p\u00fablicas y privadas masivas, en las que no se respete el distanciamiento social ni [&hellip;]<\/p>\n","protected":false},"author":1,"featured_media":7671,"comment_status":"open","ping_status":"open","sticky":false,"template":"","format":"standard","meta":{"_monsterinsights_skip_tracking":false,"_monsterinsights_sitenote_active":false,"_monsterinsights_sitenote_note":"","_monsterinsights_sitenote_category":0,"footnotes":""},"categories":[203,148],"tags":[72],"class_list":["post-7670","post","type-post","status-publish","format-standard","has-post-thumbnail","hentry","category-23-es","category-el-salvador-es","tag-libertad-de-reunion"],"wps_subtitle":"","_links":{"self":[{"href":"https:\/\/civicspaceguardian.directoriolegislativo.org\/index.php\/wp-json\/wp\/v2\/posts\/7670"}],"collection":[{"href":"https:\/\/civicspaceguardian.directoriolegislativo.org\/index.php\/wp-json\/wp\/v2\/posts"}],"about":[{"href":"https:\/\/civicspaceguardian.directoriolegislativo.org\/index.php\/wp-json\/wp\/v2\/types\/post"}],"author":[{"embeddable":true,"href":"https:\/\/civicspaceguardian.directoriolegislativo.org\/index.php\/wp-json\/wp\/v2\/users\/1"}],"replies":[{"embeddable":true,"href":"https:\/\/civicspaceguardian.directoriolegislativo.org\/index.php\/wp-json\/wp\/v2\/comments?post=7670"}],"version-history":[{"count":4,"href":"https:\/\/civicspaceguardian.directoriolegislativo.org\/index.php\/wp-json\/wp\/v2\/posts\/7670\/revisions"}],"predecessor-version":[{"id":7686,"href":"https:\/\/civicspaceguardian.directoriolegislativo.org\/index.php\/wp-json\/wp\/v2\/posts\/7670\/revisions\/7686"}],"wp:featuredmedia":[{"embeddable":true,"href":"https:\/\/civicspaceguardian.directoriolegislativo.org\/index.php\/wp-json\/wp\/v2\/media\/7671"}],"wp:attachment":[{"href":"https:\/\/civicspaceguardian.directoriolegislativo.org\/index.php\/wp-json\/wp\/v2\/media?parent=7670"}],"wp:term":[{"taxonomy":"category","embeddable":true,"href":"https:\/\/civicspaceguardian.directoriolegislativo.org\/index.php\/wp-json\/wp\/v2\/categories?post=7670"},{"taxonomy":"post_tag","embeddable":true,"href":"https:\/\/civicspaceguardian.directoriolegislativo.org\/index.php\/wp-json\/wp\/v2\/tags?post=7670"}],"curies":[{"name":"wp","href":"https:\/\/api.w.org\/{rel}","templated":true}]}}