{"id":7657,"date":"2021-11-02T17:43:27","date_gmt":"2021-11-02T17:43:27","guid":{"rendered":"https:\/\/civicspaceguardian.directoriolegislativo.org\/?p=7657"},"modified":"2021-11-02T18:24:00","modified_gmt":"2021-11-02T18:24:00","slug":"colombia-uno-de-los-paises-mas-peligrosos-para-el-activismo-ambiental","status":"publish","type":"post","link":"https:\/\/civicspaceguardian.directoriolegislativo.org\/index.php\/2021\/11\/02\/colombia-uno-de-los-paises-mas-peligrosos-para-el-activismo-ambiental\/","title":{"rendered":"Colombia, uno de los pa\u00edses m\u00e1s peligrosos para el activismo ambiental"},"content":{"rendered":"\t\t<div data-elementor-type=\"wp-post\" data-elementor-id=\"7657\" class=\"elementor elementor-7657\" data-elementor-settings=\"[]\">\n\t\t\t<div class=\"elementor-inner\">\n\t\t\t\t<div class=\"elementor-section-wrap\">\n\t\t\t\t\t\t\t<section class=\"elementor-element elementor-element-102f21da pos-absolute elementor-section-boxed elementor-section-height-default elementor-section-height-default elementor-section elementor-top-section\" data-id=\"102f21da\" data-element_type=\"section\">\n\t\t\t\t\t\t<div class=\"elementor-container elementor-column-gap-default\">\n\t\t\t\t<div class=\"elementor-row\">\n\t\t\t\t<div class=\"elementor-element elementor-element-37cb48a6 pos-child elementor-column elementor-col-50 elementor-top-column\" data-id=\"37cb48a6\" data-element_type=\"column\">\n\t\t\t<div class=\"elementor-column-wrap  elementor-element-populated\">\n\t\t\t\t\t<div class=\"elementor-widget-wrap\">\n\t\t\t\t<div class=\"elementor-element elementor-element-28eac8c9 elementor-widget elementor-widget-image\" data-id=\"28eac8c9\" data-element_type=\"widget\" data-widget_type=\"image.default\">\n\t\t\t\t<div class=\"elementor-widget-container\">\n\t\t\t\t\t<div class=\"elementor-image\">\n\t\t\t\t\t\t\t\t\t\t<img loading=\"lazy\" decoding=\"async\" width=\"512\" height=\"512\" src=\"https:\/\/civicspaceguardian.directoriolegislativo.org\/wp-content\/uploads\/2020\/06\/colombia.png\" class=\"attachment-large size-large\" alt=\"\" srcset=\"https:\/\/civicspaceguardian.directoriolegislativo.org\/wp-content\/uploads\/2020\/06\/colombia.png 512w, https:\/\/civicspaceguardian.directoriolegislativo.org\/wp-content\/uploads\/2020\/06\/colombia-300x300.png 300w, https:\/\/civicspaceguardian.directoriolegislativo.org\/wp-content\/uploads\/2020\/06\/colombia-150x150.png 150w, https:\/\/civicspaceguardian.directoriolegislativo.org\/wp-content\/uploads\/2020\/06\/colombia-100x100.png 100w\" sizes=\"(max-width: 512px) 100vw, 512px\" \/>\t\t\t\t\t\t\t\t\t\t\t<\/div>\n\t\t\t\t<\/div>\n\t\t\t\t<\/div>\n\t\t\t\t\t\t<\/div>\n\t\t\t<\/div>\n\t\t<\/div>\n\t\t\t\t<div class=\"elementor-element elementor-element-1ed5d69b elementor-column elementor-col-50 elementor-top-column\" data-id=\"1ed5d69b\" data-element_type=\"column\">\n\t\t\t<div class=\"elementor-column-wrap  elementor-element-populated\">\n\t\t\t\t\t<div class=\"elementor-widget-wrap\">\n\t\t\t\t<div class=\"elementor-element elementor-element-17801331 elementor-widget elementor-widget-heading\" data-id=\"17801331\" data-element_type=\"widget\" data-widget_type=\"heading.default\">\n\t\t\t\t<div class=\"elementor-widget-container\">\n\t\t\t<h2 class=\"elementor-heading-title elementor-size-default\">Colombia<\/h2>\t\t<\/div>\n\t\t\t\t<\/div>\n\t\t\t\t\t\t<\/div>\n\t\t\t<\/div>\n\t\t<\/div>\n\t\t\t\t\t\t<\/div>\n\t\t\t<\/div>\n\t\t<\/section>\n\t\t\t\t<section class=\"elementor-element elementor-element-15a6b900 elementor-section-boxed elementor-section-height-default elementor-section-height-default elementor-section elementor-top-section\" data-id=\"15a6b900\" data-element_type=\"section\">\n\t\t\t\t\t\t<div class=\"elementor-container elementor-column-gap-default\">\n\t\t\t\t<div class=\"elementor-row\">\n\t\t\t\t<div class=\"elementor-element elementor-element-41847bf2 elementor-column elementor-col-100 elementor-top-column\" data-id=\"41847bf2\" data-element_type=\"column\">\n\t\t\t<div class=\"elementor-column-wrap\">\n\t\t\t\t\t<div class=\"elementor-widget-wrap\">\n\t\t\t\t\t\t<\/div>\n\t\t\t<\/div>\n\t\t<\/div>\n\t\t\t\t\t\t<\/div>\n\t\t\t<\/div>\n\t\t<\/section>\n\t\t\t\t<section class=\"elementor-element elementor-element-43a07181 elementor-section-boxed elementor-section-height-default elementor-section-height-default elementor-section elementor-top-section\" data-id=\"43a07181\" data-element_type=\"section\">\n\t\t\t\t\t\t<div class=\"elementor-container elementor-column-gap-default\">\n\t\t\t\t<div class=\"elementor-row\">\n\t\t\t\t<div class=\"elementor-element elementor-element-7dc44048 d-none-2 elementor-column elementor-col-100 elementor-top-column\" data-id=\"7dc44048\" data-element_type=\"column\">\n\t\t\t<div class=\"elementor-column-wrap  elementor-element-populated\">\n\t\t\t\t\t<div class=\"elementor-widget-wrap\">\n\t\t\t\t<div class=\"elementor-element elementor-element-6a78e041 elementor-widget elementor-widget-text-editor\" data-id=\"6a78e041\" data-element_type=\"widget\" data-widget_type=\"text-editor.default\">\n\t\t\t\t<div class=\"elementor-widget-container\">\n\t\t\t\t\t<div class=\"elementor-text-editor elementor-clearfix\"><p><span style=\"font-weight: 400;\">Colombia ya es uno de los pa\u00edses m\u00e1s peligrosos en el mundo para defensores del medio ambiente, con un r\u00e9cord de 65 asesinatos registrados a lo largo de 2020. As\u00ed se desprende del <\/span><a href=\"http:\/\/alertas.directoriolegislativo.org\/wp-content\/uploads\/2021\/10\/Last_line_of_defence_-_low_res_-_September_2021.pdf\"><span style=\"font-weight: 400;\">\u00faltimo informe<\/span><\/a><span style=\"font-weight: 400;\"> publicado por la ONG Global Witness a mediados de septiembre. Un tercio de dichos ataques estuvieron dirigidos a personas ind\u00edgenas y afrodescendientes, mientras que alrededor de la mitad afectaron a peque\u00f1os agricultores en transici\u00f3n a cultivos legales. En muchas de las zonas m\u00e1s remotas del pa\u00eds, los grupos paramilitares y criminales han aumentado su control a trav\u00e9s de la violencia contra las comunidades rurales y la falta de acci\u00f3n estatal para protegerlas.\u00a0<\/span><\/p><p><span style=\"font-weight: 400;\">El incremento en los ataques a defensores\/as del medio ambiente, conviven adem\u00e1s con el recorte en los programas de protecci\u00f3n de l\u00edderes\/as sociales que se ha venido registrando desde el inicio de la pandemia. En conclusi\u00f3n, las personas que protegen sus tierras y su medio ambiente se encuentran cada vez m\u00e1s en el foco de esta violencia y m\u00e1s a\u00fan los que buscan resguardar el uso de tierras ind\u00edgenas.\u00a0<\/span><\/p><p><span style=\"font-weight: 400;\">Los programas del gobierno de sustituci\u00f3n de cultivos de coca, aspecto clave del Acuerdo de Paz, estuvieron relacionados con 17 ataques mortales en 2020. El Instituto de Estudios para el Desarrollo y la Paz (INDEPAZ) <\/span><a href=\"http:\/\/alertas.directoriolegislativo.org\/wp-content\/uploads\/2021\/10\/L%C3%ADderes-ambientales-asesinados-desde-la-firma-del-acuerdo.pdf\"><span style=\"font-weight: 400;\">revel\u00f3<\/span><\/a><span style=\"font-weight: 400;\">, en la misma l\u00ednea, que grupos armados han asesinado a m\u00e1s de 611 l\u00edderes ambientales desde su firma en 2016. De los asesinados, se contabilizaron 332 miembros de comunidades ind\u00edgenas, 75 afrodescendientes, 102 campesinos\/as y 77 integrantes de juntas de acci\u00f3n comunitaria.<\/span><\/p><\/div>\n\t\t\t\t<\/div>\n\t\t\t\t<\/div>\n\t\t\t\t\t\t<\/div>\n\t\t\t<\/div>\n\t\t<\/div>\n\t\t\t\t\t\t<\/div>\n\t\t\t<\/div>\n\t\t<\/section>\n\t\t\t\t<section class=\"elementor-element elementor-element-21b8e195 elementor-section-boxed elementor-section-height-default elementor-section-height-default elementor-section elementor-top-section\" data-id=\"21b8e195\" data-element_type=\"section\">\n\t\t\t\t\t\t<div class=\"elementor-container elementor-column-gap-default\">\n\t\t\t\t<div class=\"elementor-row\">\n\t\t\t\t<div class=\"elementor-element elementor-element-1e101a5c elementor-column elementor-col-100 elementor-top-column\" data-id=\"1e101a5c\" data-element_type=\"column\">\n\t\t\t<div class=\"elementor-column-wrap\">\n\t\t\t\t\t<div class=\"elementor-widget-wrap\">\n\t\t\t\t\t\t<\/div>\n\t\t\t<\/div>\n\t\t<\/div>\n\t\t\t\t\t\t<\/div>\n\t\t\t<\/div>\n\t\t<\/section>\n\t\t\t\t\t\t<\/div>\n\t\t\t<\/div>\n\t\t<\/div>\n\t\t","protected":false},"excerpt":{"rendered":"<p>Colombia Colombia ya es uno de los pa\u00edses m\u00e1s peligrosos en el mundo para defensores del medio ambiente, con un r\u00e9cord de 65 asesinatos registrados a lo largo de 2020. As\u00ed se desprende del \u00faltimo informe publicado por la ONG Global Witness a mediados de septiembre. Un tercio de dichos ataques estuvieron dirigidos a personas [&hellip;]<\/p>\n","protected":false},"author":1,"featured_media":7659,"comment_status":"open","ping_status":"open","sticky":false,"template":"","format":"standard","meta":{"_monsterinsights_skip_tracking":false,"_monsterinsights_sitenote_active":false,"_monsterinsights_sitenote_note":"","_monsterinsights_sitenote_category":0,"footnotes":""},"categories":[203,110],"tags":[161],"class_list":["post-7657","post","type-post","status-publish","format-standard","has-post-thumbnail","hentry","category-23-es","category-colombia-es","tag-participacion-ciudadana"],"wps_subtitle":"","_links":{"self":[{"href":"https:\/\/civicspaceguardian.directoriolegislativo.org\/index.php\/wp-json\/wp\/v2\/posts\/7657"}],"collection":[{"href":"https:\/\/civicspaceguardian.directoriolegislativo.org\/index.php\/wp-json\/wp\/v2\/posts"}],"about":[{"href":"https:\/\/civicspaceguardian.directoriolegislativo.org\/index.php\/wp-json\/wp\/v2\/types\/post"}],"author":[{"embeddable":true,"href":"https:\/\/civicspaceguardian.directoriolegislativo.org\/index.php\/wp-json\/wp\/v2\/users\/1"}],"replies":[{"embeddable":true,"href":"https:\/\/civicspaceguardian.directoriolegislativo.org\/index.php\/wp-json\/wp\/v2\/comments?post=7657"}],"version-history":[{"count":5,"href":"https:\/\/civicspaceguardian.directoriolegislativo.org\/index.php\/wp-json\/wp\/v2\/posts\/7657\/revisions"}],"predecessor-version":[{"id":7712,"href":"https:\/\/civicspaceguardian.directoriolegislativo.org\/index.php\/wp-json\/wp\/v2\/posts\/7657\/revisions\/7712"}],"wp:featuredmedia":[{"embeddable":true,"href":"https:\/\/civicspaceguardian.directoriolegislativo.org\/index.php\/wp-json\/wp\/v2\/media\/7659"}],"wp:attachment":[{"href":"https:\/\/civicspaceguardian.directoriolegislativo.org\/index.php\/wp-json\/wp\/v2\/media?parent=7657"}],"wp:term":[{"taxonomy":"category","embeddable":true,"href":"https:\/\/civicspaceguardian.directoriolegislativo.org\/index.php\/wp-json\/wp\/v2\/categories?post=7657"},{"taxonomy":"post_tag","embeddable":true,"href":"https:\/\/civicspaceguardian.directoriolegislativo.org\/index.php\/wp-json\/wp\/v2\/tags?post=7657"}],"curies":[{"name":"wp","href":"https:\/\/api.w.org\/{rel}","templated":true}]}}