{"id":7520,"date":"2021-09-07T23:22:13","date_gmt":"2021-09-07T23:22:13","guid":{"rendered":"https:\/\/civicspaceguardian.directoriolegislativo.org\/?p=7520"},"modified":"2021-09-07T23:23:35","modified_gmt":"2021-09-07T23:23:35","slug":"una-resolucion-ejecutiva-restringe-el-acceso-a-informacion-sobre-las-actividades-del-presidente","status":"publish","type":"post","link":"https:\/\/civicspaceguardian.directoriolegislativo.org\/index.php\/2021\/09\/07\/una-resolucion-ejecutiva-restringe-el-acceso-a-informacion-sobre-las-actividades-del-presidente\/","title":{"rendered":"Una resoluci\u00f3n ejecutiva restringe el acceso a informaci\u00f3n sobre las actividades del presidente"},"content":{"rendered":"\t\t<div data-elementor-type=\"wp-post\" data-elementor-id=\"7520\" class=\"elementor elementor-7520\" data-elementor-settings=\"[]\">\n\t\t\t<div class=\"elementor-inner\">\n\t\t\t\t<div class=\"elementor-section-wrap\">\n\t\t\t\t\t\t\t<section class=\"elementor-element elementor-element-28edffeb pos-absolute elementor-section-boxed elementor-section-height-default elementor-section-height-default elementor-section elementor-top-section\" data-id=\"28edffeb\" data-element_type=\"section\">\n\t\t\t\t\t\t<div class=\"elementor-container elementor-column-gap-default\">\n\t\t\t\t<div class=\"elementor-row\">\n\t\t\t\t<div class=\"elementor-element elementor-element-2653921a pos-child elementor-column elementor-col-50 elementor-top-column\" data-id=\"2653921a\" data-element_type=\"column\">\n\t\t\t<div class=\"elementor-column-wrap  elementor-element-populated\">\n\t\t\t\t\t<div class=\"elementor-widget-wrap\">\n\t\t\t\t<div class=\"elementor-element elementor-element-287861c8 elementor-widget elementor-widget-image\" data-id=\"287861c8\" data-element_type=\"widget\" data-widget_type=\"image.default\">\n\t\t\t\t<div class=\"elementor-widget-container\">\n\t\t\t\t\t<div class=\"elementor-image\">\n\t\t\t\t\t\t\t\t\t\t<img loading=\"lazy\" decoding=\"async\" width=\"512\" height=\"512\" src=\"https:\/\/civicspaceguardian.directoriolegislativo.org\/wp-content\/uploads\/2020\/07\/panama.png\" class=\"attachment-large size-large\" alt=\"\" srcset=\"https:\/\/civicspaceguardian.directoriolegislativo.org\/wp-content\/uploads\/2020\/07\/panama.png 512w, https:\/\/civicspaceguardian.directoriolegislativo.org\/wp-content\/uploads\/2020\/07\/panama-300x300.png 300w, https:\/\/civicspaceguardian.directoriolegislativo.org\/wp-content\/uploads\/2020\/07\/panama-150x150.png 150w, https:\/\/civicspaceguardian.directoriolegislativo.org\/wp-content\/uploads\/2020\/07\/panama-100x100.png 100w\" sizes=\"(max-width: 512px) 100vw, 512px\" \/>\t\t\t\t\t\t\t\t\t\t\t<\/div>\n\t\t\t\t<\/div>\n\t\t\t\t<\/div>\n\t\t\t\t\t\t<\/div>\n\t\t\t<\/div>\n\t\t<\/div>\n\t\t\t\t<div class=\"elementor-element elementor-element-532b8fcf elementor-column elementor-col-50 elementor-top-column\" data-id=\"532b8fcf\" data-element_type=\"column\">\n\t\t\t<div class=\"elementor-column-wrap  elementor-element-populated\">\n\t\t\t\t\t<div class=\"elementor-widget-wrap\">\n\t\t\t\t<div class=\"elementor-element elementor-element-327535c7 elementor-widget elementor-widget-heading\" data-id=\"327535c7\" data-element_type=\"widget\" data-widget_type=\"heading.default\">\n\t\t\t\t<div class=\"elementor-widget-container\">\n\t\t\t<h2 class=\"elementor-heading-title elementor-size-default\">Panam\u00e1<\/h2>\t\t<\/div>\n\t\t\t\t<\/div>\n\t\t\t\t\t\t<\/div>\n\t\t\t<\/div>\n\t\t<\/div>\n\t\t\t\t\t\t<\/div>\n\t\t\t<\/div>\n\t\t<\/section>\n\t\t\t\t<section class=\"elementor-element elementor-element-4418c0c0 elementor-section-boxed elementor-section-height-default elementor-section-height-default elementor-section elementor-top-section\" data-id=\"4418c0c0\" data-element_type=\"section\">\n\t\t\t\t\t\t<div class=\"elementor-container elementor-column-gap-default\">\n\t\t\t\t<div class=\"elementor-row\">\n\t\t\t\t<div class=\"elementor-element elementor-element-3c591558 d-none elementor-column elementor-col-33 elementor-top-column\" data-id=\"3c591558\" data-element_type=\"column\" data-settings=\"{&quot;background_background&quot;:&quot;classic&quot;}\">\n\t\t\t<div class=\"elementor-column-wrap  elementor-element-populated\">\n\t\t\t\t\t\t\t<div class=\"elementor-background-overlay\"><\/div>\n\t\t\t\t\t<div class=\"elementor-widget-wrap\">\n\t\t\t\t<div class=\"elementor-element elementor-element-4796684a elementor-widget elementor-widget-heading\" data-id=\"4796684a\" data-element_type=\"widget\" data-widget_type=\"heading.default\">\n\t\t\t\t<div class=\"elementor-widget-container\">\n\t\t\t<h2 class=\"elementor-heading-title elementor-size-default\"><b>Impacto <\/b>| Negativo<\/h2>\t\t<\/div>\n\t\t\t\t<\/div>\n\t\t\t\t\t\t<\/div>\n\t\t\t<\/div>\n\t\t<\/div>\n\t\t\t\t<div class=\"elementor-element elementor-element-900422a d-none elementor-column elementor-col-33 elementor-top-column\" data-id=\"900422a\" data-element_type=\"column\" data-settings=\"{&quot;background_background&quot;:&quot;classic&quot;}\">\n\t\t\t<div class=\"elementor-column-wrap  elementor-element-populated\">\n\t\t\t\t\t\t\t<div class=\"elementor-background-overlay\"><\/div>\n\t\t\t\t\t<div class=\"elementor-widget-wrap\">\n\t\t\t\t<div class=\"elementor-element elementor-element-1ad0ac8 elementor-widget elementor-widget-heading\" data-id=\"1ad0ac8\" data-element_type=\"widget\" data-widget_type=\"heading.default\">\n\t\t\t\t<div class=\"elementor-widget-container\">\n\t\t\t<h2 class=\"elementor-heading-title elementor-size-default\"><b>Rating CIVICUS <\/b>| Limitado<\/h2>\t\t<\/div>\n\t\t\t\t<\/div>\n\t\t\t\t\t\t<\/div>\n\t\t\t<\/div>\n\t\t<\/div>\n\t\t\t\t<div class=\"elementor-element elementor-element-5d73df32 elementor-column elementor-col-33 elementor-top-column\" data-id=\"5d73df32\" data-element_type=\"column\">\n\t\t\t<div class=\"elementor-column-wrap\">\n\t\t\t\t\t<div class=\"elementor-widget-wrap\">\n\t\t\t\t\t\t<\/div>\n\t\t\t<\/div>\n\t\t<\/div>\n\t\t\t\t\t\t<\/div>\n\t\t\t<\/div>\n\t\t<\/section>\n\t\t\t\t<section class=\"elementor-element elementor-element-178959dc elementor-section-boxed elementor-section-height-default elementor-section-height-default elementor-section elementor-top-section\" data-id=\"178959dc\" data-element_type=\"section\">\n\t\t\t\t\t\t<div class=\"elementor-container elementor-column-gap-default\">\n\t\t\t\t<div class=\"elementor-row\">\n\t\t\t\t<div class=\"elementor-element elementor-element-42f561d d-none-2 elementor-column elementor-col-100 elementor-top-column\" data-id=\"42f561d\" data-element_type=\"column\">\n\t\t\t<div class=\"elementor-column-wrap  elementor-element-populated\">\n\t\t\t\t\t<div class=\"elementor-widget-wrap\">\n\t\t\t\t<div class=\"elementor-element elementor-element-4bf3d172 elementor-widget elementor-widget-text-editor\" data-id=\"4bf3d172\" data-element_type=\"widget\" data-widget_type=\"text-editor.default\">\n\t\t\t\t<div class=\"elementor-widget-container\">\n\t\t\t\t\t<div class=\"elementor-text-editor elementor-clearfix\"><section><div data-aos=\"fade-up\"><p><span style=\"font-weight: 400;\">El 20 de agosto el Ministerio de la Presidencia public\u00f3 una <\/span><a href=\"https:\/\/alertas.directoriolegislativo.org\/wp-content\/uploads\/2021\/09\/86835.pdf\"><span style=\"font-weight: 400;\">resoluci\u00f3n<\/span><\/a><span style=\"font-weight: 400;\"> mediante la cual declara como informaci\u00f3n de acceso restringido las actas, notas, archivos y otros registros o constancias de las discusiones o actividades del Presidente y Vicepresidente de la Rep\u00fablica y del Consejo de Gabinete. Quedan exceptuados de la medida los documentos referidos a la celebraci\u00f3n de contratos.\u00a0<\/span><\/p><p><span style=\"font-weight: 400;\">Desde el gobierno aseguran que la resoluci\u00f3n se ampara en el inciso 8 del art\u00edculo 14 de la <\/span><a href=\"http:\/\/alertas.directoriolegislativo.org\/wp-content\/uploads\/2021\/09\/acceso_informacion_base_dc_leyes_pais_P_2.pdf\"><span style=\"font-weight: 400;\">Ley de Transparencia<\/span><\/a><span style=\"font-weight: 400;\"> sobre informaci\u00f3n confidencial y de acceso restringido que habilita su clasificaci\u00f3n por un per\u00edodo de 10 a\u00f1os.<\/span><\/p><p><span style=\"font-weight: 400;\">Luego de conocerse la medida, distintas organizaciones de la sociedad civil entre las que se cuenta el Movimiento Acci\u00f3n Ciudadana, se manifestaron en las cercan\u00edas de la sede del Gobierno exigiendo la rendici\u00f3n de cuentas por parte del gobierno. Transparencia Internacional tambi\u00e9n se pronunci\u00f3 alegando que la resoluci\u00f3n es inconveniente ya que \u201cdesde marzo de 2020 existe en Panam\u00e1 un estado de excepci\u00f3n por emergencia, decretado por el Ejecutivo\u201d, que lo exime de controles regulares y transparencia proactiva especialmente en un contexto de indicios de corrupci\u00f3n por parte de funcionarios.<\/span><\/p><p><span style=\"font-weight: 400;\">Resulta por lo menos sugerente que apenas unos d\u00edas despu\u00e9s, el presidente Laurentino Cortizo, haya \u201creafirmado el compromiso de promover la colaboraci\u00f3n y participaci\u00f3n ciudadana, para fortalecer la transparencia y la gobernanza\u201d en el marco del lanzamiento del Cuarto Plan de Acci\u00f3n Nacional de Gobierno Abierto que tuvo lugar el 31 de agosto.\u00a0<\/span><\/p><\/div><\/section><section id=\"nota-10\" class=\"s-about-gray\"><div class=\"row section-header aos-init aos-animate\" data-aos=\"fade-up\"><div class=\"col-full\">\u00a0<\/div><\/div><\/section><\/div>\n\t\t\t\t<\/div>\n\t\t\t\t<\/div>\n\t\t\t\t\t\t<\/div>\n\t\t\t<\/div>\n\t\t<\/div>\n\t\t\t\t\t\t<\/div>\n\t\t\t<\/div>\n\t\t<\/section>\n\t\t\t\t<section class=\"elementor-element elementor-element-5e7f9880 elementor-section-boxed elementor-section-height-default elementor-section-height-default elementor-section elementor-top-section\" data-id=\"5e7f9880\" data-element_type=\"section\">\n\t\t\t\t\t\t<div class=\"elementor-container elementor-column-gap-default\">\n\t\t\t\t<div class=\"elementor-row\">\n\t\t\t\t<div class=\"elementor-element elementor-element-e1c5858 elementor-column elementor-col-100 elementor-top-column\" data-id=\"e1c5858\" data-element_type=\"column\">\n\t\t\t<div class=\"elementor-column-wrap\">\n\t\t\t\t\t<div class=\"elementor-widget-wrap\">\n\t\t\t\t\t\t<\/div>\n\t\t\t<\/div>\n\t\t<\/div>\n\t\t\t\t\t\t<\/div>\n\t\t\t<\/div>\n\t\t<\/section>\n\t\t\t\t\t\t<\/div>\n\t\t\t<\/div>\n\t\t<\/div>\n\t\t","protected":false},"excerpt":{"rendered":"<p>Panam\u00e1 Impacto | Negativo Rating CIVICUS | Limitado El 20 de agosto el Ministerio de la Presidencia public\u00f3 una resoluci\u00f3n mediante la cual declara como informaci\u00f3n de acceso restringido las actas, notas, archivos y otros registros o constancias de las discusiones o actividades del Presidente y Vicepresidente de la Rep\u00fablica y del Consejo de Gabinete. [&hellip;]<\/p>\n","protected":false},"author":1,"featured_media":6767,"comment_status":"open","ping_status":"open","sticky":false,"template":"","format":"standard","meta":{"_monsterinsights_skip_tracking":false,"_monsterinsights_sitenote_active":false,"_monsterinsights_sitenote_note":"","_monsterinsights_sitenote_category":0,"footnotes":""},"categories":[198,152],"tags":[157],"class_list":["post-7520","post","type-post","status-publish","format-standard","has-post-thumbnail","hentry","category-20-es","category-panama-es","tag-acceso-a-la-informacion-publica"],"wps_subtitle":"","_links":{"self":[{"href":"https:\/\/civicspaceguardian.directoriolegislativo.org\/index.php\/wp-json\/wp\/v2\/posts\/7520"}],"collection":[{"href":"https:\/\/civicspaceguardian.directoriolegislativo.org\/index.php\/wp-json\/wp\/v2\/posts"}],"about":[{"href":"https:\/\/civicspaceguardian.directoriolegislativo.org\/index.php\/wp-json\/wp\/v2\/types\/post"}],"author":[{"embeddable":true,"href":"https:\/\/civicspaceguardian.directoriolegislativo.org\/index.php\/wp-json\/wp\/v2\/users\/1"}],"replies":[{"embeddable":true,"href":"https:\/\/civicspaceguardian.directoriolegislativo.org\/index.php\/wp-json\/wp\/v2\/comments?post=7520"}],"version-history":[{"count":4,"href":"https:\/\/civicspaceguardian.directoriolegislativo.org\/index.php\/wp-json\/wp\/v2\/posts\/7520\/revisions"}],"predecessor-version":[{"id":7524,"href":"https:\/\/civicspaceguardian.directoriolegislativo.org\/index.php\/wp-json\/wp\/v2\/posts\/7520\/revisions\/7524"}],"wp:featuredmedia":[{"embeddable":true,"href":"https:\/\/civicspaceguardian.directoriolegislativo.org\/index.php\/wp-json\/wp\/v2\/media\/6767"}],"wp:attachment":[{"href":"https:\/\/civicspaceguardian.directoriolegislativo.org\/index.php\/wp-json\/wp\/v2\/media?parent=7520"}],"wp:term":[{"taxonomy":"category","embeddable":true,"href":"https:\/\/civicspaceguardian.directoriolegislativo.org\/index.php\/wp-json\/wp\/v2\/categories?post=7520"},{"taxonomy":"post_tag","embeddable":true,"href":"https:\/\/civicspaceguardian.directoriolegislativo.org\/index.php\/wp-json\/wp\/v2\/tags?post=7520"}],"curies":[{"name":"wp","href":"https:\/\/api.w.org\/{rel}","templated":true}]}}