{"id":7271,"date":"2021-07-05T20:27:41","date_gmt":"2021-07-05T20:27:41","guid":{"rendered":"https:\/\/civicspaceguardian.directoriolegislativo.org\/?p=7271"},"modified":"2021-07-05T20:29:10","modified_gmt":"2021-07-05T20:29:10","slug":"la-corte-constitucional-dejo-sin-efecto-el-reglamento-sobre-el-uso-progresivo-de-la-fuerza-publica","status":"publish","type":"post","link":"https:\/\/civicspaceguardian.directoriolegislativo.org\/index.php\/2021\/07\/05\/la-corte-constitucional-dejo-sin-efecto-el-reglamento-sobre-el-uso-progresivo-de-la-fuerza-publica\/","title":{"rendered":"La Corte Constitucional dej\u00f3 sin efecto el  reglamento sobre el uso progresivo de la fuerza p\u00fablica"},"content":{"rendered":"\t\t<div data-elementor-type=\"wp-post\" data-elementor-id=\"7271\" class=\"elementor elementor-7271\" data-elementor-settings=\"[]\">\n\t\t\t<div class=\"elementor-inner\">\n\t\t\t\t<div class=\"elementor-section-wrap\">\n\t\t\t\t\t\t\t<section class=\"elementor-element elementor-element-14186226 pos-absolute elementor-section-boxed elementor-section-height-default elementor-section-height-default elementor-section elementor-top-section\" data-id=\"14186226\" data-element_type=\"section\">\n\t\t\t\t\t\t<div class=\"elementor-container elementor-column-gap-default\">\n\t\t\t\t<div class=\"elementor-row\">\n\t\t\t\t<div class=\"elementor-element elementor-element-efdd4fa pos-child elementor-column elementor-col-50 elementor-top-column\" data-id=\"efdd4fa\" data-element_type=\"column\">\n\t\t\t<div class=\"elementor-column-wrap  elementor-element-populated\">\n\t\t\t\t\t<div class=\"elementor-widget-wrap\">\n\t\t\t\t<div class=\"elementor-element elementor-element-33eb5215 elementor-widget elementor-widget-image\" data-id=\"33eb5215\" data-element_type=\"widget\" data-widget_type=\"image.default\">\n\t\t\t\t<div class=\"elementor-widget-container\">\n\t\t\t\t\t<div class=\"elementor-image\">\n\t\t\t\t\t\t\t\t\t\t<img loading=\"lazy\" decoding=\"async\" width=\"512\" height=\"512\" src=\"https:\/\/civicspaceguardian.directoriolegislativo.org\/wp-content\/uploads\/2020\/06\/ecuador.png\" class=\"attachment-large size-large\" alt=\"\" srcset=\"https:\/\/civicspaceguardian.directoriolegislativo.org\/wp-content\/uploads\/2020\/06\/ecuador.png 512w, https:\/\/civicspaceguardian.directoriolegislativo.org\/wp-content\/uploads\/2020\/06\/ecuador-300x300.png 300w, https:\/\/civicspaceguardian.directoriolegislativo.org\/wp-content\/uploads\/2020\/06\/ecuador-150x150.png 150w, https:\/\/civicspaceguardian.directoriolegislativo.org\/wp-content\/uploads\/2020\/06\/ecuador-100x100.png 100w\" sizes=\"(max-width: 512px) 100vw, 512px\" \/>\t\t\t\t\t\t\t\t\t\t\t<\/div>\n\t\t\t\t<\/div>\n\t\t\t\t<\/div>\n\t\t\t\t\t\t<\/div>\n\t\t\t<\/div>\n\t\t<\/div>\n\t\t\t\t<div class=\"elementor-element elementor-element-5a671f0b elementor-column elementor-col-50 elementor-top-column\" data-id=\"5a671f0b\" data-element_type=\"column\">\n\t\t\t<div class=\"elementor-column-wrap  elementor-element-populated\">\n\t\t\t\t\t<div class=\"elementor-widget-wrap\">\n\t\t\t\t<div class=\"elementor-element elementor-element-4eecc54e elementor-widget elementor-widget-heading\" data-id=\"4eecc54e\" data-element_type=\"widget\" data-widget_type=\"heading.default\">\n\t\t\t\t<div class=\"elementor-widget-container\">\n\t\t\t<h2 class=\"elementor-heading-title elementor-size-default\">Ecuador<\/h2>\t\t<\/div>\n\t\t\t\t<\/div>\n\t\t\t\t\t\t<\/div>\n\t\t\t<\/div>\n\t\t<\/div>\n\t\t\t\t\t\t<\/div>\n\t\t\t<\/div>\n\t\t<\/section>\n\t\t\t\t<section class=\"elementor-element elementor-element-cce4aab elementor-section-boxed elementor-section-height-default elementor-section-height-default elementor-section elementor-top-section\" data-id=\"cce4aab\" data-element_type=\"section\">\n\t\t\t\t\t\t<div class=\"elementor-container elementor-column-gap-default\">\n\t\t\t\t<div class=\"elementor-row\">\n\t\t\t\t<div class=\"elementor-element elementor-element-30693875 d-none elementor-column elementor-col-33 elementor-top-column\" data-id=\"30693875\" data-element_type=\"column\" data-settings=\"{&quot;background_background&quot;:&quot;classic&quot;}\">\n\t\t\t<div class=\"elementor-column-wrap  elementor-element-populated\">\n\t\t\t\t\t\t\t<div class=\"elementor-background-overlay\"><\/div>\n\t\t\t\t\t<div class=\"elementor-widget-wrap\">\n\t\t\t\t<div class=\"elementor-element elementor-element-4614f96c elementor-widget elementor-widget-heading\" data-id=\"4614f96c\" data-element_type=\"widget\" data-widget_type=\"heading.default\">\n\t\t\t\t<div class=\"elementor-widget-container\">\n\t\t\t<h2 class=\"elementor-heading-title elementor-size-default\"><b>Impacto<\/b> | Positivo<\/h2>\t\t<\/div>\n\t\t\t\t<\/div>\n\t\t\t\t\t\t<\/div>\n\t\t\t<\/div>\n\t\t<\/div>\n\t\t\t\t<div class=\"elementor-element elementor-element-894dd82 d-none elementor-column elementor-col-33 elementor-top-column\" data-id=\"894dd82\" data-element_type=\"column\" data-settings=\"{&quot;background_background&quot;:&quot;classic&quot;}\">\n\t\t\t<div class=\"elementor-column-wrap  elementor-element-populated\">\n\t\t\t\t\t\t\t<div class=\"elementor-background-overlay\"><\/div>\n\t\t\t\t\t<div class=\"elementor-widget-wrap\">\n\t\t\t\t<div class=\"elementor-element elementor-element-8dc63cb elementor-widget elementor-widget-heading\" data-id=\"8dc63cb\" data-element_type=\"widget\" data-widget_type=\"heading.default\">\n\t\t\t\t<div class=\"elementor-widget-container\">\n\t\t\t<h2 class=\"elementor-heading-title elementor-size-default\"><b>Rating Civicus<\/b> | Obstruido<\/h2>\t\t<\/div>\n\t\t\t\t<\/div>\n\t\t\t\t\t\t<\/div>\n\t\t\t<\/div>\n\t\t<\/div>\n\t\t\t\t<div class=\"elementor-element elementor-element-5c67f3fa elementor-column elementor-col-33 elementor-top-column\" data-id=\"5c67f3fa\" data-element_type=\"column\">\n\t\t\t<div class=\"elementor-column-wrap\">\n\t\t\t\t\t<div class=\"elementor-widget-wrap\">\n\t\t\t\t\t\t<\/div>\n\t\t\t<\/div>\n\t\t<\/div>\n\t\t\t\t\t\t<\/div>\n\t\t\t<\/div>\n\t\t<\/section>\n\t\t\t\t<section class=\"elementor-element elementor-element-435bdc4 elementor-section-boxed elementor-section-height-default elementor-section-height-default elementor-section elementor-top-section\" data-id=\"435bdc4\" data-element_type=\"section\">\n\t\t\t\t\t\t<div class=\"elementor-container elementor-column-gap-default\">\n\t\t\t\t<div class=\"elementor-row\">\n\t\t\t\t<div class=\"elementor-element elementor-element-31684bad d-none-2 elementor-column elementor-col-100 elementor-top-column\" data-id=\"31684bad\" data-element_type=\"column\">\n\t\t\t<div class=\"elementor-column-wrap  elementor-element-populated\">\n\t\t\t\t\t<div class=\"elementor-widget-wrap\">\n\t\t\t\t<div class=\"elementor-element elementor-element-2ffb3636 elementor-widget elementor-widget-text-editor\" data-id=\"2ffb3636\" data-element_type=\"widget\" data-widget_type=\"text-editor.default\">\n\t\t\t\t<div class=\"elementor-widget-container\">\n\t\t\t\t\t<div class=\"elementor-text-editor elementor-clearfix\"><section id=\"nota-9\" class=\"s-about\"><div class=\"row\"><div class=\"block-1-2 block-tab-full\"><div class=\"col-block lead center-text-elacult aos-init aos-animate\" data-aos=\"fade-up\"><p><span style=\"font-weight: 400;\">El 5 de mayo, la Corte Constitucional (CC) <\/span><a href=\"http:\/\/alertas.directoriolegislativo.org\/wp-content\/uploads\/2021\/05\/fbf0bae8-651b-46a0-87f7-c4fdedb7c193-1.pdf\"><span style=\"font-weight: 400;\">declar\u00f3 la inconstitucionalidad<\/span><\/a><span style=\"font-weight: 400;\"> del <\/span><a href=\"https:\/\/alertas.directoriolegislativo.org\/wp-content\/uploads\/2020\/06\/Acuerdo-Ministerial-179-Uso-Progresivo-de-la-Fuerza.pdf\"><span style=\"font-weight: 400;\">Reglamento<\/span><\/a><span style=\"font-weight: 400;\"> de Uso Progresivo, Racional y Diferenciado de la Fuerza <\/span><span style=\"font-weight: 400;\">por parte de los efectivos de las Fuerzas Armadas ante reuniones, manifestaciones y disturbios que deriven en \u201csituaciones de grave conmoci\u00f3n interna\u201d.\u00a0<\/span><\/p><p class=\"csg-sobre\">\u00a0<\/p><p><span style=\"font-weight: 400;\">En el fallo, la CC argumenta que el reglamento tiene<\/span><span style=\"font-weight: 400;\"> \u201cconsecuencias directas en el ejercicio de los derechos a la vida e integridad personal\u201d y que el uso de la fuerza letal no est\u00e1 reconocido en la Constituci\u00f3n ni en las leyes vigentes. Adem\u00e1s resalta que la intervenci\u00f3n de las Fuerzas Armadas durante el estado de excepci\u00f3n debe ser<\/span><span style=\"font-weight: 400;\"> extraordinaria, subordinada y complementaria. En este marco, concluye que el ministro de Defensa, Oswaldo Jarr\u00edn se excedi\u00f3 en sus atribuciones al publicar el acuerdo ministerial.\u00a0<\/span><\/p><p class=\"csg-sobre\">\u00a0<\/p><p><span style=\"font-weight: 400;\">Cabe recordar que esta sentencia responde a un conjunto de siete demandas presentadas por el Defensor del Pueblo, representantes de organizaciones de la sociedad civil y defensores de los derechos humanos, sustentadas en el hecho de que el reglamento atentaba contra la Constituci\u00f3n al habilitar a las Fuerzas Armadas a desempe\u00f1ar un rol complementario en el mantenimiento del orden interno.\u00a0<\/span><\/p><p class=\"csg-sobre\"><span style=\"font-weight: 400;\">Anticip\u00e1ndose al fallo, el gobierno saliente present\u00f3 a la Asamblea Nacional un <\/span><a href=\"http:\/\/alertas.directoriolegislativo.org\/wp-content\/uploads\/2021\/05\/pp-uso-fuerza-clitardo-28-04-2021-Memorando-Nro.-AN-PVP-2021-0148-M.pdf\"><span style=\"font-weight: 400;\">proyecto de ley org\u00e1nica<\/span><\/a><span style=\"font-weight: 400;\"> para el Uso Legal, Proporcional, Adecuado y Necesario de la Fuerza por parte de la Polic\u00eda Nacional. <\/span><span style=\"font-weight: 400;\">La iniciativa tambi\u00e9n incluye la regulaci\u00f3n de otras entidades complementarias en la seguridad a nivel municipal. Tambi\u00e9n delimita el trabajo de las Fuerzas Armadas con el fin de garantizar el orden p\u00fablico y la seguridad ciudadana \u201cen el contexto de estados de excepci\u00f3n\u201d exclusivamente. La Asamblea, cuya composici\u00f3n se renov\u00f3 en mayo, fue notificada del fallo a fin de que sus miembros consideren los criterios all\u00ed desarrollados en el debate del proyecto. <\/span><\/p><\/div><\/div><\/div><\/section><\/div>\n\t\t\t\t<\/div>\n\t\t\t\t<\/div>\n\t\t\t\t\t\t<\/div>\n\t\t\t<\/div>\n\t\t<\/div>\n\t\t\t\t\t\t<\/div>\n\t\t\t<\/div>\n\t\t<\/section>\n\t\t\t\t<section class=\"elementor-element elementor-element-347019f0 elementor-section-boxed elementor-section-height-default elementor-section-height-default elementor-section elementor-top-section\" data-id=\"347019f0\" data-element_type=\"section\">\n\t\t\t\t\t\t<div class=\"elementor-container elementor-column-gap-default\">\n\t\t\t\t<div class=\"elementor-row\">\n\t\t\t\t<div class=\"elementor-element elementor-element-78c9928a elementor-column elementor-col-100 elementor-top-column\" data-id=\"78c9928a\" data-element_type=\"column\">\n\t\t\t<div class=\"elementor-column-wrap\">\n\t\t\t\t\t<div class=\"elementor-widget-wrap\">\n\t\t\t\t\t\t<\/div>\n\t\t\t<\/div>\n\t\t<\/div>\n\t\t\t\t\t\t<\/div>\n\t\t\t<\/div>\n\t\t<\/section>\n\t\t\t\t\t\t<\/div>\n\t\t\t<\/div>\n\t\t<\/div>\n\t\t","protected":false},"excerpt":{"rendered":"<p>Ecuador Impacto | Positivo Rating Civicus | Obstruido El 5 de mayo, la Corte Constitucional (CC) declar\u00f3 la inconstitucionalidad del Reglamento de Uso Progresivo, Racional y Diferenciado de la Fuerza por parte de los efectivos de las Fuerzas Armadas ante reuniones, manifestaciones y disturbios que deriven en \u201csituaciones de grave conmoci\u00f3n interna\u201d.\u00a0 \u00a0 En el [&hellip;]<\/p>\n","protected":false},"author":1,"featured_media":7112,"comment_status":"open","ping_status":"open","sticky":false,"template":"","format":"standard","meta":{"_monsterinsights_skip_tracking":false,"_monsterinsights_sitenote_active":false,"_monsterinsights_sitenote_note":"","_monsterinsights_sitenote_category":0,"footnotes":""},"categories":[191,107],"tags":[72],"class_list":["post-7271","post","type-post","status-publish","format-standard","has-post-thumbnail","hentry","category-18-es-es","category-ecuador-es","tag-libertad-de-reunion"],"wps_subtitle":"","_links":{"self":[{"href":"https:\/\/civicspaceguardian.directoriolegislativo.org\/index.php\/wp-json\/wp\/v2\/posts\/7271"}],"collection":[{"href":"https:\/\/civicspaceguardian.directoriolegislativo.org\/index.php\/wp-json\/wp\/v2\/posts"}],"about":[{"href":"https:\/\/civicspaceguardian.directoriolegislativo.org\/index.php\/wp-json\/wp\/v2\/types\/post"}],"author":[{"embeddable":true,"href":"https:\/\/civicspaceguardian.directoriolegislativo.org\/index.php\/wp-json\/wp\/v2\/users\/1"}],"replies":[{"embeddable":true,"href":"https:\/\/civicspaceguardian.directoriolegislativo.org\/index.php\/wp-json\/wp\/v2\/comments?post=7271"}],"version-history":[{"count":3,"href":"https:\/\/civicspaceguardian.directoriolegislativo.org\/index.php\/wp-json\/wp\/v2\/posts\/7271\/revisions"}],"predecessor-version":[{"id":7275,"href":"https:\/\/civicspaceguardian.directoriolegislativo.org\/index.php\/wp-json\/wp\/v2\/posts\/7271\/revisions\/7275"}],"wp:featuredmedia":[{"embeddable":true,"href":"https:\/\/civicspaceguardian.directoriolegislativo.org\/index.php\/wp-json\/wp\/v2\/media\/7112"}],"wp:attachment":[{"href":"https:\/\/civicspaceguardian.directoriolegislativo.org\/index.php\/wp-json\/wp\/v2\/media?parent=7271"}],"wp:term":[{"taxonomy":"category","embeddable":true,"href":"https:\/\/civicspaceguardian.directoriolegislativo.org\/index.php\/wp-json\/wp\/v2\/categories?post=7271"},{"taxonomy":"post_tag","embeddable":true,"href":"https:\/\/civicspaceguardian.directoriolegislativo.org\/index.php\/wp-json\/wp\/v2\/tags?post=7271"}],"curies":[{"name":"wp","href":"https:\/\/api.w.org\/{rel}","templated":true}]}}