{"id":7226,"date":"2021-01-26T19:27:00","date_gmt":"2021-01-26T19:27:00","guid":{"rendered":"https:\/\/civicspaceguardian.directoriolegislativo.org\/?p=7226"},"modified":"2021-07-05T19:36:14","modified_gmt":"2021-07-05T19:36:14","slug":"el-gobierno-publica-un-protocolo-para-restringir-el-uso-de-la-fuerza-en-protestas-sociales","status":"publish","type":"post","link":"https:\/\/civicspaceguardian.directoriolegislativo.org\/index.php\/2021\/01\/26\/el-gobierno-publica-un-protocolo-para-restringir-el-uso-de-la-fuerza-en-protestas-sociales\/","title":{"rendered":"El gobierno publica un protocolo para restringir el uso de la fuerza en protestas sociales"},"content":{"rendered":"\t\t<div data-elementor-type=\"wp-post\" data-elementor-id=\"7226\" class=\"elementor elementor-7226\" data-elementor-settings=\"[]\">\n\t\t\t<div class=\"elementor-inner\">\n\t\t\t\t<div class=\"elementor-section-wrap\">\n\t\t\t\t\t\t\t<section class=\"elementor-element elementor-element-7ccb022a pos-absolute elementor-section-boxed elementor-section-height-default elementor-section-height-default elementor-section elementor-top-section\" data-id=\"7ccb022a\" data-element_type=\"section\">\n\t\t\t\t\t\t<div class=\"elementor-container elementor-column-gap-default\">\n\t\t\t\t<div class=\"elementor-row\">\n\t\t\t\t<div class=\"elementor-element elementor-element-53e7eecb pos-child elementor-column elementor-col-50 elementor-top-column\" data-id=\"53e7eecb\" data-element_type=\"column\">\n\t\t\t<div class=\"elementor-column-wrap  elementor-element-populated\">\n\t\t\t\t\t<div class=\"elementor-widget-wrap\">\n\t\t\t\t<div class=\"elementor-element elementor-element-5e40f57c elementor-widget elementor-widget-image\" data-id=\"5e40f57c\" data-element_type=\"widget\" data-widget_type=\"image.default\">\n\t\t\t\t<div class=\"elementor-widget-container\">\n\t\t\t\t\t<div class=\"elementor-image\">\n\t\t\t\t\t\t\t\t\t\t<img loading=\"lazy\" decoding=\"async\" width=\"512\" height=\"512\" src=\"https:\/\/civicspaceguardian.directoriolegislativo.org\/wp-content\/uploads\/2020\/06\/colombia.png\" class=\"attachment-large size-large\" alt=\"\" srcset=\"https:\/\/civicspaceguardian.directoriolegislativo.org\/wp-content\/uploads\/2020\/06\/colombia.png 512w, https:\/\/civicspaceguardian.directoriolegislativo.org\/wp-content\/uploads\/2020\/06\/colombia-300x300.png 300w, https:\/\/civicspaceguardian.directoriolegislativo.org\/wp-content\/uploads\/2020\/06\/colombia-150x150.png 150w, https:\/\/civicspaceguardian.directoriolegislativo.org\/wp-content\/uploads\/2020\/06\/colombia-100x100.png 100w\" sizes=\"(max-width: 512px) 100vw, 512px\" \/>\t\t\t\t\t\t\t\t\t\t\t<\/div>\n\t\t\t\t<\/div>\n\t\t\t\t<\/div>\n\t\t\t\t\t\t<\/div>\n\t\t\t<\/div>\n\t\t<\/div>\n\t\t\t\t<div class=\"elementor-element elementor-element-3d48777 elementor-column elementor-col-50 elementor-top-column\" data-id=\"3d48777\" data-element_type=\"column\">\n\t\t\t<div class=\"elementor-column-wrap  elementor-element-populated\">\n\t\t\t\t\t<div class=\"elementor-widget-wrap\">\n\t\t\t\t<div class=\"elementor-element elementor-element-4cfd21ee elementor-widget elementor-widget-heading\" data-id=\"4cfd21ee\" data-element_type=\"widget\" data-widget_type=\"heading.default\">\n\t\t\t\t<div class=\"elementor-widget-container\">\n\t\t\t<h2 class=\"elementor-heading-title elementor-size-default\">Colombia<\/h2>\t\t<\/div>\n\t\t\t\t<\/div>\n\t\t\t\t\t\t<\/div>\n\t\t\t<\/div>\n\t\t<\/div>\n\t\t\t\t\t\t<\/div>\n\t\t\t<\/div>\n\t\t<\/section>\n\t\t\t\t<section class=\"elementor-element elementor-element-3247be3b elementor-section-boxed elementor-section-height-default elementor-section-height-default elementor-section elementor-top-section\" data-id=\"3247be3b\" data-element_type=\"section\">\n\t\t\t\t\t\t<div class=\"elementor-container elementor-column-gap-default\">\n\t\t\t\t<div class=\"elementor-row\">\n\t\t\t\t<div class=\"elementor-element elementor-element-6a43f454 d-none elementor-column elementor-col-33 elementor-top-column\" data-id=\"6a43f454\" data-element_type=\"column\" data-settings=\"{&quot;background_background&quot;:&quot;classic&quot;}\">\n\t\t\t<div class=\"elementor-column-wrap  elementor-element-populated\">\n\t\t\t\t\t\t\t<div class=\"elementor-background-overlay\"><\/div>\n\t\t\t\t\t<div class=\"elementor-widget-wrap\">\n\t\t\t\t<div class=\"elementor-element elementor-element-391dcb0a elementor-widget elementor-widget-heading\" data-id=\"391dcb0a\" data-element_type=\"widget\" data-widget_type=\"heading.default\">\n\t\t\t\t<div class=\"elementor-widget-container\">\n\t\t\t<h2 class=\"elementor-heading-title elementor-size-default\"><b>Estado<\/b> | Positivo<\/h2>\t\t<\/div>\n\t\t\t\t<\/div>\n\t\t\t\t\t\t<\/div>\n\t\t\t<\/div>\n\t\t<\/div>\n\t\t\t\t<div class=\"elementor-element elementor-element-979035f d-none elementor-column elementor-col-33 elementor-top-column\" data-id=\"979035f\" data-element_type=\"column\" data-settings=\"{&quot;background_background&quot;:&quot;classic&quot;}\">\n\t\t\t<div class=\"elementor-column-wrap  elementor-element-populated\">\n\t\t\t\t\t\t\t<div class=\"elementor-background-overlay\"><\/div>\n\t\t\t\t\t<div class=\"elementor-widget-wrap\">\n\t\t\t\t<div class=\"elementor-element elementor-element-318a674 elementor-widget elementor-widget-heading\" data-id=\"318a674\" data-element_type=\"widget\" data-widget_type=\"heading.default\">\n\t\t\t\t<div class=\"elementor-widget-container\">\n\t\t\t<h2 class=\"elementor-heading-title elementor-size-default\"><b>Rating CIVICUS<\/b> | Reprimido<\/h2>\t\t<\/div>\n\t\t\t\t<\/div>\n\t\t\t\t\t\t<\/div>\n\t\t\t<\/div>\n\t\t<\/div>\n\t\t\t\t<div class=\"elementor-element elementor-element-5353ad2 elementor-column elementor-col-33 elementor-top-column\" data-id=\"5353ad2\" data-element_type=\"column\">\n\t\t\t<div class=\"elementor-column-wrap\">\n\t\t\t\t\t<div class=\"elementor-widget-wrap\">\n\t\t\t\t\t\t<\/div>\n\t\t\t<\/div>\n\t\t<\/div>\n\t\t\t\t\t\t<\/div>\n\t\t\t<\/div>\n\t\t<\/section>\n\t\t\t\t<section class=\"elementor-element elementor-element-3728f402 elementor-section-boxed elementor-section-height-default elementor-section-height-default elementor-section elementor-top-section\" data-id=\"3728f402\" data-element_type=\"section\">\n\t\t\t\t\t\t<div class=\"elementor-container elementor-column-gap-default\">\n\t\t\t\t<div class=\"elementor-row\">\n\t\t\t\t<div class=\"elementor-element elementor-element-c531520 d-none-2 elementor-column elementor-col-100 elementor-top-column\" data-id=\"c531520\" data-element_type=\"column\">\n\t\t\t<div class=\"elementor-column-wrap  elementor-element-populated\">\n\t\t\t\t\t<div class=\"elementor-widget-wrap\">\n\t\t\t\t<div class=\"elementor-element elementor-element-58273529 elementor-widget elementor-widget-text-editor\" data-id=\"58273529\" data-element_type=\"widget\" data-widget_type=\"text-editor.default\">\n\t\t\t\t<div class=\"elementor-widget-container\">\n\t\t\t\t\t<div class=\"elementor-text-editor elementor-clearfix\"><p><span style=\"font-weight: 400;\">El 5 de enero, el Gobierno Nacional aprob\u00f3 por <\/span><a href=\"http:\/\/alertas.directoriolegislativo.org\/wp-content\/uploads\/2021\/01\/DECRETO-003-DEL-5-DE-ENERO-DE-2021.pdf\"><span style=\"font-weight: 400;\">decreto<\/span><\/a><span style=\"font-weight: 400;\"> un conjunto de directrices que deben guiar el uso de la fuerza p\u00fablica en manifestaciones sociales a fin de garantizar el derecho ciudadano a la protesta pac\u00edfica. Tras su publicaci\u00f3n, un conjunto de organizaciones de la sociedad civil colombiana publicaron un <\/span><a href=\"https:\/\/www.coljuristas.org\/nuestro_quehacer\/item.php?id=439\"><span style=\"font-weight: 400;\">comunicado<\/span><\/a><span style=\"font-weight: 400;\"> en el que delinearon 5 puntos que no fueron tenidos en cuenta (ver m\u00e1s en Voces de la Sociedad Civil).<\/span><\/p><p>\u00a0<\/p><p><span style=\"font-weight: 400;\">El protocolo, que ya se encuentra vigente, proh\u00edbe que los agentes de seguridad utilicen armas de fuego durante las manifestaciones y establece que la fuerza p\u00fablica solo puede ser utilizada cuando se hayan agotado otras v\u00edas: el di\u00e1logo, la mediaci\u00f3n y el aviso previo del uso de la fuerza. La intervenci\u00f3n del Escuadr\u00f3n M\u00f3vil Antidisturbios (ESMAD) &#8211; cuyo accionar ha sido fuertemente cuestionado por ocasionar la muerte de manifestantes en 2019 y 2020 &#8211; ser\u00e1 la \u00faltima instancia habilitada para controlar posibles actos de violencia.\u00a0<\/span><\/p><p>\u00a0<\/p><p><span style=\"font-weight: 400;\">Por su parte, los organizadores de la movilizaci\u00f3n deben avisar a la alcald\u00eda sobre la fecha, hora y lugar donde se realizar\u00e1 la protesta, a menos que sea espont\u00e1nea. Antes del desarrollo de la jornada, las autoridades locales tienen que conformar una mesa de coordinaci\u00f3n integrada por delegados del gobierno, la polic\u00eda, las organizaciones que convocan a la protesta y otras organizaciones de derechos humanos.\u00a0\u00a0<\/span><\/p><p>\u00a0<\/p><p><span style=\"font-weight: 400;\">Esta medida surge como respuesta a una <\/span><a href=\"https:\/\/cortesuprema.gov.co\/corte\/wp-content\/uploads\/2020\/09\/11001-22-03-000-2019-02527-02-STC7641-2020.pdf\"><span style=\"font-weight: 400;\">sentencia<\/span><\/a><span style=\"font-weight: 400;\"> de la Corte Suprema que, en septiembre de 2020, dio lugar a una demanda presentada por un conjunto de ciudadanas y ciudadanos, ordenando al Poder Ejecutivo que revise el accionar de las fuerzas de seguridad. El tribunal consider\u00f3 entonces que \u201cla intervenci\u00f3n sistem\u00e1tica, violenta, arbitraria y desproporcionada de la fuerza p\u00fablica en las manifestaciones ciudadanas\u201d hab\u00eda adquirido la dimensi\u00f3n de una problem\u00e1tica nacional.\u00a0<\/span><\/p><\/div>\n\t\t\t\t<\/div>\n\t\t\t\t<\/div>\n\t\t\t\t\t\t<\/div>\n\t\t\t<\/div>\n\t\t<\/div>\n\t\t\t\t\t\t<\/div>\n\t\t\t<\/div>\n\t\t<\/section>\n\t\t\t\t<section class=\"elementor-element elementor-element-6503dbf4 elementor-section-boxed elementor-section-height-default elementor-section-height-default elementor-section elementor-top-section\" data-id=\"6503dbf4\" data-element_type=\"section\">\n\t\t\t\t\t\t<div class=\"elementor-container elementor-column-gap-default\">\n\t\t\t\t<div class=\"elementor-row\">\n\t\t\t\t<div class=\"elementor-element elementor-element-16c3332e elementor-column elementor-col-100 elementor-top-column\" data-id=\"16c3332e\" data-element_type=\"column\">\n\t\t\t<div class=\"elementor-column-wrap\">\n\t\t\t\t\t<div class=\"elementor-widget-wrap\">\n\t\t\t\t\t\t<\/div>\n\t\t\t<\/div>\n\t\t<\/div>\n\t\t\t\t\t\t<\/div>\n\t\t\t<\/div>\n\t\t<\/section>\n\t\t\t\t\t\t<\/div>\n\t\t\t<\/div>\n\t\t<\/div>\n\t\t","protected":false},"excerpt":{"rendered":"<p>Colombia Estado | Positivo Rating CIVICUS | Reprimido El 5 de enero, el Gobierno Nacional aprob\u00f3 por decreto un conjunto de directrices que deben guiar el uso de la fuerza p\u00fablica en manifestaciones sociales a fin de garantizar el derecho ciudadano a la protesta pac\u00edfica. Tras su publicaci\u00f3n, un conjunto de organizaciones de la sociedad [&hellip;]<\/p>\n","protected":false},"author":1,"featured_media":7227,"comment_status":"open","ping_status":"open","sticky":false,"template":"","format":"standard","meta":{"_monsterinsights_skip_tracking":false,"_monsterinsights_sitenote_active":false,"_monsterinsights_sitenote_note":"","_monsterinsights_sitenote_category":0,"footnotes":""},"categories":[190,110,87],"tags":[72],"class_list":["post-7226","post","type-post","status-publish","format-standard","has-post-thumbnail","hentry","category-14-es","category-colombia-es","category-es","tag-libertad-de-reunion"],"wps_subtitle":"","_links":{"self":[{"href":"https:\/\/civicspaceguardian.directoriolegislativo.org\/index.php\/wp-json\/wp\/v2\/posts\/7226"}],"collection":[{"href":"https:\/\/civicspaceguardian.directoriolegislativo.org\/index.php\/wp-json\/wp\/v2\/posts"}],"about":[{"href":"https:\/\/civicspaceguardian.directoriolegislativo.org\/index.php\/wp-json\/wp\/v2\/types\/post"}],"author":[{"embeddable":true,"href":"https:\/\/civicspaceguardian.directoriolegislativo.org\/index.php\/wp-json\/wp\/v2\/users\/1"}],"replies":[{"embeddable":true,"href":"https:\/\/civicspaceguardian.directoriolegislativo.org\/index.php\/wp-json\/wp\/v2\/comments?post=7226"}],"version-history":[{"count":3,"href":"https:\/\/civicspaceguardian.directoriolegislativo.org\/index.php\/wp-json\/wp\/v2\/posts\/7226\/revisions"}],"predecessor-version":[{"id":7231,"href":"https:\/\/civicspaceguardian.directoriolegislativo.org\/index.php\/wp-json\/wp\/v2\/posts\/7226\/revisions\/7231"}],"wp:featuredmedia":[{"embeddable":true,"href":"https:\/\/civicspaceguardian.directoriolegislativo.org\/index.php\/wp-json\/wp\/v2\/media\/7227"}],"wp:attachment":[{"href":"https:\/\/civicspaceguardian.directoriolegislativo.org\/index.php\/wp-json\/wp\/v2\/media?parent=7226"}],"wp:term":[{"taxonomy":"category","embeddable":true,"href":"https:\/\/civicspaceguardian.directoriolegislativo.org\/index.php\/wp-json\/wp\/v2\/categories?post=7226"},{"taxonomy":"post_tag","embeddable":true,"href":"https:\/\/civicspaceguardian.directoriolegislativo.org\/index.php\/wp-json\/wp\/v2\/tags?post=7226"}],"curies":[{"name":"wp","href":"https:\/\/api.w.org\/{rel}","templated":true}]}}