{"id":7167,"date":"2021-07-05T17:14:54","date_gmt":"2021-07-05T17:14:54","guid":{"rendered":"https:\/\/civicspaceguardian.directoriolegislativo.org\/?p=7167"},"modified":"2021-07-05T17:49:29","modified_gmt":"2021-07-05T17:49:29","slug":"la-defensoria-del-pueblo-crea-una-unidad-para-observar-manifestaciones-ciudadanas","status":"publish","type":"post","link":"https:\/\/civicspaceguardian.directoriolegislativo.org\/index.php\/2021\/07\/05\/la-defensoria-del-pueblo-crea-una-unidad-para-observar-manifestaciones-ciudadanas\/","title":{"rendered":"La Defensor\u00eda del Pueblo crea una unidad para observar manifestaciones ciudadanas"},"content":{"rendered":"\t\t<div data-elementor-type=\"wp-post\" data-elementor-id=\"7167\" class=\"elementor elementor-7167\" data-elementor-settings=\"[]\">\n\t\t\t<div class=\"elementor-inner\">\n\t\t\t\t<div class=\"elementor-section-wrap\">\n\t\t\t\t\t\t\t<section class=\"elementor-element elementor-element-29fffaf9 pos-absolute elementor-section-boxed elementor-section-height-default elementor-section-height-default elementor-section elementor-top-section\" data-id=\"29fffaf9\" data-element_type=\"section\">\n\t\t\t\t\t\t<div class=\"elementor-container elementor-column-gap-default\">\n\t\t\t\t<div class=\"elementor-row\">\n\t\t\t\t<div class=\"elementor-element elementor-element-52e2766 pos-child elementor-column elementor-col-50 elementor-top-column\" data-id=\"52e2766\" data-element_type=\"column\">\n\t\t\t<div class=\"elementor-column-wrap  elementor-element-populated\">\n\t\t\t\t\t<div class=\"elementor-widget-wrap\">\n\t\t\t\t<div class=\"elementor-element elementor-element-3474d9b3 elementor-widget elementor-widget-image\" data-id=\"3474d9b3\" data-element_type=\"widget\" data-widget_type=\"image.default\">\n\t\t\t\t<div class=\"elementor-widget-container\">\n\t\t\t\t\t<div class=\"elementor-image\">\n\t\t\t\t\t\t\t\t\t\t<img loading=\"lazy\" decoding=\"async\" width=\"512\" height=\"512\" src=\"https:\/\/civicspaceguardian.directoriolegislativo.org\/wp-content\/uploads\/2020\/07\/panama.png\" class=\"attachment-large size-large\" alt=\"\" srcset=\"https:\/\/civicspaceguardian.directoriolegislativo.org\/wp-content\/uploads\/2020\/07\/panama.png 512w, https:\/\/civicspaceguardian.directoriolegislativo.org\/wp-content\/uploads\/2020\/07\/panama-300x300.png 300w, https:\/\/civicspaceguardian.directoriolegislativo.org\/wp-content\/uploads\/2020\/07\/panama-150x150.png 150w, https:\/\/civicspaceguardian.directoriolegislativo.org\/wp-content\/uploads\/2020\/07\/panama-100x100.png 100w\" sizes=\"(max-width: 512px) 100vw, 512px\" \/>\t\t\t\t\t\t\t\t\t\t\t<\/div>\n\t\t\t\t<\/div>\n\t\t\t\t<\/div>\n\t\t\t\t\t\t<\/div>\n\t\t\t<\/div>\n\t\t<\/div>\n\t\t\t\t<div class=\"elementor-element elementor-element-140969d7 elementor-column elementor-col-50 elementor-top-column\" data-id=\"140969d7\" data-element_type=\"column\">\n\t\t\t<div class=\"elementor-column-wrap  elementor-element-populated\">\n\t\t\t\t\t<div class=\"elementor-widget-wrap\">\n\t\t\t\t<div class=\"elementor-element elementor-element-2d5f4207 elementor-widget elementor-widget-heading\" data-id=\"2d5f4207\" data-element_type=\"widget\" data-widget_type=\"heading.default\">\n\t\t\t\t<div class=\"elementor-widget-container\">\n\t\t\t<h2 class=\"elementor-heading-title elementor-size-default\">Panam\u00e1<\/h2>\t\t<\/div>\n\t\t\t\t<\/div>\n\t\t\t\t\t\t<\/div>\n\t\t\t<\/div>\n\t\t<\/div>\n\t\t\t\t\t\t<\/div>\n\t\t\t<\/div>\n\t\t<\/section>\n\t\t\t\t<section class=\"elementor-element elementor-element-78eb8f41 elementor-section-boxed elementor-section-height-default elementor-section-height-default elementor-section elementor-top-section\" data-id=\"78eb8f41\" data-element_type=\"section\">\n\t\t\t\t\t\t<div class=\"elementor-container elementor-column-gap-default\">\n\t\t\t\t<div class=\"elementor-row\">\n\t\t\t\t<div class=\"elementor-element elementor-element-3e77a6c1 d-none elementor-column elementor-col-33 elementor-top-column\" data-id=\"3e77a6c1\" data-element_type=\"column\" data-settings=\"{&quot;background_background&quot;:&quot;classic&quot;}\">\n\t\t\t<div class=\"elementor-column-wrap  elementor-element-populated\">\n\t\t\t\t\t\t\t<div class=\"elementor-background-overlay\"><\/div>\n\t\t\t\t\t<div class=\"elementor-widget-wrap\">\n\t\t\t\t<div class=\"elementor-element elementor-element-79531d0 elementor-widget elementor-widget-heading\" data-id=\"79531d0\" data-element_type=\"widget\" data-widget_type=\"heading.default\">\n\t\t\t\t<div class=\"elementor-widget-container\">\n\t\t\t<h2 class=\"elementor-heading-title elementor-size-default\"><b>Impacto<\/b> | Positivo<\/h2>\t\t<\/div>\n\t\t\t\t<\/div>\n\t\t\t\t\t\t<\/div>\n\t\t\t<\/div>\n\t\t<\/div>\n\t\t\t\t<div class=\"elementor-element elementor-element-d4152e5 d-none elementor-column elementor-col-33 elementor-top-column\" data-id=\"d4152e5\" data-element_type=\"column\" data-settings=\"{&quot;background_background&quot;:&quot;classic&quot;}\">\n\t\t\t<div class=\"elementor-column-wrap  elementor-element-populated\">\n\t\t\t\t\t\t\t<div class=\"elementor-background-overlay\"><\/div>\n\t\t\t\t\t<div class=\"elementor-widget-wrap\">\n\t\t\t\t<div class=\"elementor-element elementor-element-21ae230 elementor-widget elementor-widget-heading\" data-id=\"21ae230\" data-element_type=\"widget\" data-widget_type=\"heading.default\">\n\t\t\t\t<div class=\"elementor-widget-container\">\n\t\t\t<h2 class=\"elementor-heading-title elementor-size-default\"><b>Rating Civicus<\/b> | Limitado<\/h2>\t\t<\/div>\n\t\t\t\t<\/div>\n\t\t\t\t\t\t<\/div>\n\t\t\t<\/div>\n\t\t<\/div>\n\t\t\t\t<div class=\"elementor-element elementor-element-4e9115ce elementor-column elementor-col-33 elementor-top-column\" data-id=\"4e9115ce\" data-element_type=\"column\">\n\t\t\t<div class=\"elementor-column-wrap\">\n\t\t\t\t\t<div class=\"elementor-widget-wrap\">\n\t\t\t\t\t\t<\/div>\n\t\t\t<\/div>\n\t\t<\/div>\n\t\t\t\t\t\t<\/div>\n\t\t\t<\/div>\n\t\t<\/section>\n\t\t\t\t<section class=\"elementor-element elementor-element-63adc0c3 elementor-section-boxed elementor-section-height-default elementor-section-height-default elementor-section elementor-top-section\" data-id=\"63adc0c3\" data-element_type=\"section\">\n\t\t\t\t\t\t<div class=\"elementor-container elementor-column-gap-default\">\n\t\t\t\t<div class=\"elementor-row\">\n\t\t\t\t<div class=\"elementor-element elementor-element-1eb77b00 d-none-2 elementor-column elementor-col-100 elementor-top-column\" data-id=\"1eb77b00\" data-element_type=\"column\">\n\t\t\t<div class=\"elementor-column-wrap  elementor-element-populated\">\n\t\t\t\t\t<div class=\"elementor-widget-wrap\">\n\t\t\t\t<div class=\"elementor-element elementor-element-18e59349 elementor-widget elementor-widget-text-editor\" data-id=\"18e59349\" data-element_type=\"widget\" data-widget_type=\"text-editor.default\">\n\t\t\t\t<div class=\"elementor-widget-container\">\n\t\t\t\t\t<div class=\"elementor-text-editor elementor-clearfix\"><section id=\"nota-9\" class=\"s-about\"><div class=\"row\"><div class=\"block-1-2 block-tab-full\"><div class=\"col-block lead center-text-elacult aos-init aos-animate\" data-aos=\"fade-up\"><p><span style=\"font-weight: 400;\">La unidad &#8211; llamada Plan de Acompa\u00f1amiento Ciudadano (PAC) &#8211; fue creada por una <\/span><a href=\"http:\/\/alertas.directoriolegislativo.org\/wp-content\/uploads\/2021\/02\/Resolucion-que-crea-el-Programa-de-Acompanamiento-Ciudadano-PAN.pdf\"><span style=\"font-weight: 400;\">resoluci\u00f3n<\/span><\/a><span style=\"font-weight: 400;\"> del 25 de enero y tiene por finalidad \u201cejercer el rol preventivo, fiscalizador y protector de los derechos humanos de la poblaci\u00f3n de forma inmediata\u201d.\u00a0<\/span><\/p><p><span style=\"font-weight: 400;\">Entre sus funciones se encuentran la de observar las manifestaciones y protestas con el fin de prevenir violaciones a los derechos humanos, recopilar datos, monitorear la informaci\u00f3n publicada por medios de comunicaci\u00f3n y plataformas sociales sobre las acciones ciudadanas en la v\u00eda p\u00fablica, y llevar un registro oficial de protestas. El PAC tambi\u00e9n podr\u00e1 actuar como canal de comunicaci\u00f3n entre manifestantes y autoridades, propiciando v\u00edas alternativas de resoluci\u00f3n de conflicto cuando sea necesario.\u00a0<\/span><\/p><p><span style=\"font-weight: 400;\">Resulta sugerente, sin embargo, que la creaci\u00f3n de la unidad se haya producido bajo la premisa de que el ejercicio del derecho de protesta \u201ces posible \u00fanicamente bajo un entorno propicio y seguro\u201d, lo que supone \u201cla ausencia de pr\u00e1cticas\u201d que incidan negativamente no solo en el ejercicio de la libertad de reuni\u00f3n sino tambi\u00e9n en los derechos de personas que \u201cse consideren vulneradas como resultado de una acci\u00f3n de movilizaci\u00f3n ciudadana\u201d.\u00a0<\/span><\/p><p class=\"csg-sobre\"><span style=\"font-weight: 400;\">En consulta con organizaciones de la sociedad civil, se manifest\u00f3 escepticismo sobre los impactos concretos de la medida y la capacidad de la Defensor\u00eda para promover efectivamente la protecci\u00f3n del derecho. La forma en que se buscar\u00e1 armonizar esos derechos dista de estar clara en la resoluci\u00f3n, como as\u00ed tampoco la articulaci\u00f3n con las fuerzas de seguridad durante las manifestaciones, los fines y usos de la informaci\u00f3n recolectada. Considerando que las acciones de la unidad deber\u00e1n ajustarse a las Directrices para la <\/span><a href=\"https:\/\/acnudh.org\/load\/2016\/09\/DF_web.pdf\"><span style=\"font-weight: 400;\">Observaci\u00f3n de Manifestaciones y Protestas Sociales<\/span><\/a><span style=\"font-weight: 400;\"> de la ACNUDH, cabe tambi\u00e9n preguntarse c\u00f3mo se compatibilizar\u00e1 el principio de no participaci\u00f3n con el ejercicio del rol de canal de comunicaci\u00f3n entre manifestantes y autoridades.<\/span><\/p><\/div><\/div><\/div><\/section><\/div>\n\t\t\t\t<\/div>\n\t\t\t\t<\/div>\n\t\t\t\t\t\t<\/div>\n\t\t\t<\/div>\n\t\t<\/div>\n\t\t\t\t\t\t<\/div>\n\t\t\t<\/div>\n\t\t<\/section>\n\t\t\t\t<section class=\"elementor-element elementor-element-5596c5dd elementor-section-boxed elementor-section-height-default elementor-section-height-default elementor-section elementor-top-section\" data-id=\"5596c5dd\" data-element_type=\"section\">\n\t\t\t\t\t\t<div class=\"elementor-container elementor-column-gap-default\">\n\t\t\t\t<div class=\"elementor-row\">\n\t\t\t\t<div class=\"elementor-element elementor-element-22b75974 elementor-column elementor-col-100 elementor-top-column\" data-id=\"22b75974\" data-element_type=\"column\">\n\t\t\t<div class=\"elementor-column-wrap\">\n\t\t\t\t\t<div class=\"elementor-widget-wrap\">\n\t\t\t\t\t\t<\/div>\n\t\t\t<\/div>\n\t\t<\/div>\n\t\t\t\t\t\t<\/div>\n\t\t\t<\/div>\n\t\t<\/section>\n\t\t\t\t\t\t<\/div>\n\t\t\t<\/div>\n\t\t<\/div>\n\t\t","protected":false},"excerpt":{"rendered":"<p>Panam\u00e1 Impacto | Positivo Rating Civicus | Limitado La unidad &#8211; llamada Plan de Acompa\u00f1amiento Ciudadano (PAC) &#8211; fue creada por una resoluci\u00f3n del 25 de enero y tiene por finalidad \u201cejercer el rol preventivo, fiscalizador y protector de los derechos humanos de la poblaci\u00f3n de forma inmediata\u201d.\u00a0 Entre sus funciones se encuentran la de [&hellip;]<\/p>\n","protected":false},"author":1,"featured_media":7168,"comment_status":"open","ping_status":"open","sticky":false,"template":"","format":"standard","meta":{"_monsterinsights_skip_tracking":false,"_monsterinsights_sitenote_active":false,"_monsterinsights_sitenote_note":"","_monsterinsights_sitenote_category":0,"footnotes":""},"categories":[188],"tags":[72],"class_list":["post-7167","post","type-post","status-publish","format-standard","has-post-thumbnail","hentry","category-15-es","tag-libertad-de-reunion"],"wps_subtitle":"","_links":{"self":[{"href":"https:\/\/civicspaceguardian.directoriolegislativo.org\/index.php\/wp-json\/wp\/v2\/posts\/7167"}],"collection":[{"href":"https:\/\/civicspaceguardian.directoriolegislativo.org\/index.php\/wp-json\/wp\/v2\/posts"}],"about":[{"href":"https:\/\/civicspaceguardian.directoriolegislativo.org\/index.php\/wp-json\/wp\/v2\/types\/post"}],"author":[{"embeddable":true,"href":"https:\/\/civicspaceguardian.directoriolegislativo.org\/index.php\/wp-json\/wp\/v2\/users\/1"}],"replies":[{"embeddable":true,"href":"https:\/\/civicspaceguardian.directoriolegislativo.org\/index.php\/wp-json\/wp\/v2\/comments?post=7167"}],"version-history":[{"count":2,"href":"https:\/\/civicspaceguardian.directoriolegislativo.org\/index.php\/wp-json\/wp\/v2\/posts\/7167\/revisions"}],"predecessor-version":[{"id":7170,"href":"https:\/\/civicspaceguardian.directoriolegislativo.org\/index.php\/wp-json\/wp\/v2\/posts\/7167\/revisions\/7170"}],"wp:featuredmedia":[{"embeddable":true,"href":"https:\/\/civicspaceguardian.directoriolegislativo.org\/index.php\/wp-json\/wp\/v2\/media\/7168"}],"wp:attachment":[{"href":"https:\/\/civicspaceguardian.directoriolegislativo.org\/index.php\/wp-json\/wp\/v2\/media?parent=7167"}],"wp:term":[{"taxonomy":"category","embeddable":true,"href":"https:\/\/civicspaceguardian.directoriolegislativo.org\/index.php\/wp-json\/wp\/v2\/categories?post=7167"},{"taxonomy":"post_tag","embeddable":true,"href":"https:\/\/civicspaceguardian.directoriolegislativo.org\/index.php\/wp-json\/wp\/v2\/tags?post=7167"}],"curies":[{"name":"wp","href":"https:\/\/api.w.org\/{rel}","templated":true}]}}