{"id":7129,"date":"2021-07-02T23:48:27","date_gmt":"2021-07-02T23:48:27","guid":{"rendered":"https:\/\/civicspaceguardian.directoriolegislativo.org\/?p=7129"},"modified":"2021-07-02T23:52:26","modified_gmt":"2021-07-02T23:52:26","slug":"colombia-estrena-un-nuevo-sistema-nacional-de-rendicion-de-cuentas-con-participacion-ciudadana","status":"publish","type":"post","link":"https:\/\/civicspaceguardian.directoriolegislativo.org\/index.php\/2021\/07\/02\/colombia-estrena-un-nuevo-sistema-nacional-de-rendicion-de-cuentas-con-participacion-ciudadana\/","title":{"rendered":"Colombia estrena un nuevo Sistema Nacional de Rendici\u00f3n de Cuentas con participaci\u00f3n ciudadana"},"content":{"rendered":"\t\t<div data-elementor-type=\"wp-post\" data-elementor-id=\"7129\" class=\"elementor elementor-7129\" data-elementor-settings=\"[]\">\n\t\t\t<div class=\"elementor-inner\">\n\t\t\t\t<div class=\"elementor-section-wrap\">\n\t\t\t\t\t\t\t<section class=\"elementor-element elementor-element-76b252e0 pos-absolute elementor-section-boxed elementor-section-height-default elementor-section-height-default elementor-section elementor-top-section\" data-id=\"76b252e0\" data-element_type=\"section\">\n\t\t\t\t\t\t<div class=\"elementor-container elementor-column-gap-default\">\n\t\t\t\t<div class=\"elementor-row\">\n\t\t\t\t<div class=\"elementor-element elementor-element-c97f44b pos-child elementor-column elementor-col-50 elementor-top-column\" data-id=\"c97f44b\" data-element_type=\"column\">\n\t\t\t<div class=\"elementor-column-wrap  elementor-element-populated\">\n\t\t\t\t\t<div class=\"elementor-widget-wrap\">\n\t\t\t\t<div class=\"elementor-element elementor-element-1639a2ea elementor-widget elementor-widget-image\" data-id=\"1639a2ea\" data-element_type=\"widget\" data-widget_type=\"image.default\">\n\t\t\t\t<div class=\"elementor-widget-container\">\n\t\t\t\t\t<div class=\"elementor-image\">\n\t\t\t\t\t\t\t\t\t\t<img loading=\"lazy\" decoding=\"async\" width=\"512\" height=\"512\" src=\"https:\/\/civicspaceguardian.directoriolegislativo.org\/wp-content\/uploads\/2020\/06\/colombia.png\" class=\"attachment-large size-large\" alt=\"\" srcset=\"https:\/\/civicspaceguardian.directoriolegislativo.org\/wp-content\/uploads\/2020\/06\/colombia.png 512w, https:\/\/civicspaceguardian.directoriolegislativo.org\/wp-content\/uploads\/2020\/06\/colombia-300x300.png 300w, https:\/\/civicspaceguardian.directoriolegislativo.org\/wp-content\/uploads\/2020\/06\/colombia-150x150.png 150w, https:\/\/civicspaceguardian.directoriolegislativo.org\/wp-content\/uploads\/2020\/06\/colombia-100x100.png 100w\" sizes=\"(max-width: 512px) 100vw, 512px\" \/>\t\t\t\t\t\t\t\t\t\t\t<\/div>\n\t\t\t\t<\/div>\n\t\t\t\t<\/div>\n\t\t\t\t\t\t<\/div>\n\t\t\t<\/div>\n\t\t<\/div>\n\t\t\t\t<div class=\"elementor-element elementor-element-28423b40 elementor-column elementor-col-50 elementor-top-column\" data-id=\"28423b40\" data-element_type=\"column\">\n\t\t\t<div class=\"elementor-column-wrap  elementor-element-populated\">\n\t\t\t\t\t<div class=\"elementor-widget-wrap\">\n\t\t\t\t<div class=\"elementor-element elementor-element-15b4ff04 elementor-widget elementor-widget-heading\" data-id=\"15b4ff04\" data-element_type=\"widget\" data-widget_type=\"heading.default\">\n\t\t\t\t<div class=\"elementor-widget-container\">\n\t\t\t<h2 class=\"elementor-heading-title elementor-size-default\">Colombia<\/h2>\t\t<\/div>\n\t\t\t\t<\/div>\n\t\t\t\t\t\t<\/div>\n\t\t\t<\/div>\n\t\t<\/div>\n\t\t\t\t\t\t<\/div>\n\t\t\t<\/div>\n\t\t<\/section>\n\t\t\t\t<section class=\"elementor-element elementor-element-720b3395 elementor-section-boxed elementor-section-height-default elementor-section-height-default elementor-section elementor-top-section\" data-id=\"720b3395\" data-element_type=\"section\">\n\t\t\t\t\t\t<div class=\"elementor-container elementor-column-gap-default\">\n\t\t\t\t<div class=\"elementor-row\">\n\t\t\t\t<div class=\"elementor-element elementor-element-577c5217 d-none elementor-column elementor-col-33 elementor-top-column\" data-id=\"577c5217\" data-element_type=\"column\" data-settings=\"{&quot;background_background&quot;:&quot;classic&quot;}\">\n\t\t\t<div class=\"elementor-column-wrap  elementor-element-populated\">\n\t\t\t\t\t\t\t<div class=\"elementor-background-overlay\"><\/div>\n\t\t\t\t\t<div class=\"elementor-widget-wrap\">\n\t\t\t\t<div class=\"elementor-element elementor-element-28f399be elementor-widget elementor-widget-heading\" data-id=\"28f399be\" data-element_type=\"widget\" data-widget_type=\"heading.default\">\n\t\t\t\t<div class=\"elementor-widget-container\">\n\t\t\t<h2 class=\"elementor-heading-title elementor-size-default\"><b>Impacto <\/b>| Positivo<\/h2>\t\t<\/div>\n\t\t\t\t<\/div>\n\t\t\t\t\t\t<\/div>\n\t\t\t<\/div>\n\t\t<\/div>\n\t\t\t\t<div class=\"elementor-element elementor-element-1947262 d-none elementor-column elementor-col-33 elementor-top-column\" data-id=\"1947262\" data-element_type=\"column\" data-settings=\"{&quot;background_background&quot;:&quot;classic&quot;}\">\n\t\t\t<div class=\"elementor-column-wrap  elementor-element-populated\">\n\t\t\t\t\t\t\t<div class=\"elementor-background-overlay\"><\/div>\n\t\t\t\t\t<div class=\"elementor-widget-wrap\">\n\t\t\t\t<div class=\"elementor-element elementor-element-705567c elementor-widget elementor-widget-heading\" data-id=\"705567c\" data-element_type=\"widget\" data-widget_type=\"heading.default\">\n\t\t\t\t<div class=\"elementor-widget-container\">\n\t\t\t<h2 class=\"elementor-heading-title elementor-size-default\"><b>Rating Civicus<\/b>| Reprimido<\/h2>\t\t<\/div>\n\t\t\t\t<\/div>\n\t\t\t\t\t\t<\/div>\n\t\t\t<\/div>\n\t\t<\/div>\n\t\t\t\t<div class=\"elementor-element elementor-element-71fe5d48 elementor-column elementor-col-33 elementor-top-column\" data-id=\"71fe5d48\" data-element_type=\"column\">\n\t\t\t<div class=\"elementor-column-wrap\">\n\t\t\t\t\t<div class=\"elementor-widget-wrap\">\n\t\t\t\t\t\t<\/div>\n\t\t\t<\/div>\n\t\t<\/div>\n\t\t\t\t\t\t<\/div>\n\t\t\t<\/div>\n\t\t<\/section>\n\t\t\t\t<section class=\"elementor-element elementor-element-3a6f060e elementor-section-boxed elementor-section-height-default elementor-section-height-default elementor-section elementor-top-section\" data-id=\"3a6f060e\" data-element_type=\"section\">\n\t\t\t\t\t\t<div class=\"elementor-container elementor-column-gap-default\">\n\t\t\t\t<div class=\"elementor-row\">\n\t\t\t\t<div class=\"elementor-element elementor-element-1cc8b17a d-none-2 elementor-column elementor-col-100 elementor-top-column\" data-id=\"1cc8b17a\" data-element_type=\"column\">\n\t\t\t<div class=\"elementor-column-wrap  elementor-element-populated\">\n\t\t\t\t\t<div class=\"elementor-widget-wrap\">\n\t\t\t\t<div class=\"elementor-element elementor-element-6d1bcbc9 elementor-widget elementor-widget-text-editor\" data-id=\"6d1bcbc9\" data-element_type=\"widget\" data-widget_type=\"text-editor.default\">\n\t\t\t\t<div class=\"elementor-widget-container\">\n\t\t\t\t\t<div class=\"elementor-text-editor elementor-clearfix\"><section id=\"nota-9\" class=\"s-about\"><div class=\"row\"><div class=\"block-1-2 block-tab-full\"><div class=\"col-block lead center-text-elacult aos-init aos-animate\" data-aos=\"fade-up\"><p>El 2 de marzo, el presidente Iv\u00e1n Duque firm\u00f3 un decreto que crea el Sistema Nacional de Rendici\u00f3n de Cuentas (SNRC), a trav\u00e9s del cual se buscar\u00e1 facilitar la participaci\u00f3n ciudadana en el seguimiento y evaluaci\u00f3n de los compromisos de gesti\u00f3n de las diferentes entidades del Estado en los \u00e1mbitos nacional, departamental, distrital y municipal.<\/p><p>El SNRC es entendido en este marco como \u201cel conjunto de agentes, instancias de coordinaci\u00f3n, principios, normas, estrategias, pol\u00edticas, programas, metodolog\u00edas y mecanismos para coordinar y potenciar las actividades de la rendici\u00f3n de cuentas\u201d, incluyendo la gesti\u00f3n de recursos humanos, materiales y financieros de las entidades de la administraci\u00f3n p\u00fablica.<\/p><p>Estar\u00e1 organizado en un Comit\u00e9 Nacional integrado tanto por 16 miembros &#8211; funcionarios de distintos \u00f3rganos p\u00fablicos, representantes del poder legislativo, un referente por las organizaciones de la sociedad civil y uno por la academia -, Comit\u00e9s Territoriales y tres comit\u00e9s asesores de nivel nacional. Estos \u00faltimos ya estaban en funcionamiento: el Comit\u00e9 T\u00e9cnico de Relaci\u00f3n Estado-Ciudadano (2018), la Comisi\u00f3n Nacional de Moralizaci\u00f3n (2011) y el Consejo Nacional de Participaci\u00f3n Ciudadana (2015).<\/p><p>El Sistema Nacional deber\u00e1 promover tambi\u00e9n la generaci\u00f3n de espacios de di\u00e1logo, mecanismos, procesos y herramientas, atendiendo a un enfoque poblacional, territorial, tem\u00e1tico y sectorial. Para esto dispone que los agentes e instancias de coordinaci\u00f3n del Sistema deber\u00e1n regirse por los principios de articulaci\u00f3n, enfoque territorial, enfoque diferencial, representatividad; empoderamiento de la ciudadan\u00eda; progresividad; innovaci\u00f3n; trabajo en red y lenguaje claro e incluyente, entre otros. La norma ya se encuentra vigente.<\/p><\/div><\/div><\/div><\/section><section id=\"nota-10\" class=\"s-about-gray\"><div class=\"row section-header aos-init aos-animate\" data-aos=\"fade-up\"><div class=\"col-full\">\u00a0<\/div><\/div><\/section><\/div>\n\t\t\t\t<\/div>\n\t\t\t\t<\/div>\n\t\t\t\t\t\t<\/div>\n\t\t\t<\/div>\n\t\t<\/div>\n\t\t\t\t\t\t<\/div>\n\t\t\t<\/div>\n\t\t<\/section>\n\t\t\t\t<section class=\"elementor-element elementor-element-2f2ae50f elementor-section-boxed elementor-section-height-default elementor-section-height-default elementor-section elementor-top-section\" data-id=\"2f2ae50f\" data-element_type=\"section\">\n\t\t\t\t\t\t<div class=\"elementor-container elementor-column-gap-default\">\n\t\t\t\t<div class=\"elementor-row\">\n\t\t\t\t<div class=\"elementor-element elementor-element-67327c90 elementor-column elementor-col-100 elementor-top-column\" data-id=\"67327c90\" data-element_type=\"column\">\n\t\t\t<div class=\"elementor-column-wrap\">\n\t\t\t\t\t<div class=\"elementor-widget-wrap\">\n\t\t\t\t\t\t<\/div>\n\t\t\t<\/div>\n\t\t<\/div>\n\t\t\t\t\t\t<\/div>\n\t\t\t<\/div>\n\t\t<\/section>\n\t\t\t\t\t\t<\/div>\n\t\t\t<\/div>\n\t\t<\/div>\n\t\t","protected":false},"excerpt":{"rendered":"<p>Colombia Impacto | Positivo Rating Civicus| Reprimido El 2 de marzo, el presidente Iv\u00e1n Duque firm\u00f3 un decreto que crea el Sistema Nacional de Rendici\u00f3n de Cuentas (SNRC), a trav\u00e9s del cual se buscar\u00e1 facilitar la participaci\u00f3n ciudadana en el seguimiento y evaluaci\u00f3n de los compromisos de gesti\u00f3n de las diferentes entidades del Estado en [&hellip;]<\/p>\n","protected":false},"author":1,"featured_media":7133,"comment_status":"open","ping_status":"open","sticky":false,"template":"","format":"standard","meta":{"_monsterinsights_skip_tracking":false,"_monsterinsights_sitenote_active":false,"_monsterinsights_sitenote_note":"","_monsterinsights_sitenote_category":0,"footnotes":""},"categories":[183,110],"tags":[161],"class_list":["post-7129","post","type-post","status-publish","format-standard","has-post-thumbnail","hentry","category-16-es","category-colombia-es","tag-participacion-ciudadana"],"wps_subtitle":"","_links":{"self":[{"href":"https:\/\/civicspaceguardian.directoriolegislativo.org\/index.php\/wp-json\/wp\/v2\/posts\/7129"}],"collection":[{"href":"https:\/\/civicspaceguardian.directoriolegislativo.org\/index.php\/wp-json\/wp\/v2\/posts"}],"about":[{"href":"https:\/\/civicspaceguardian.directoriolegislativo.org\/index.php\/wp-json\/wp\/v2\/types\/post"}],"author":[{"embeddable":true,"href":"https:\/\/civicspaceguardian.directoriolegislativo.org\/index.php\/wp-json\/wp\/v2\/users\/1"}],"replies":[{"embeddable":true,"href":"https:\/\/civicspaceguardian.directoriolegislativo.org\/index.php\/wp-json\/wp\/v2\/comments?post=7129"}],"version-history":[{"count":2,"href":"https:\/\/civicspaceguardian.directoriolegislativo.org\/index.php\/wp-json\/wp\/v2\/posts\/7129\/revisions"}],"predecessor-version":[{"id":7140,"href":"https:\/\/civicspaceguardian.directoriolegislativo.org\/index.php\/wp-json\/wp\/v2\/posts\/7129\/revisions\/7140"}],"wp:featuredmedia":[{"embeddable":true,"href":"https:\/\/civicspaceguardian.directoriolegislativo.org\/index.php\/wp-json\/wp\/v2\/media\/7133"}],"wp:attachment":[{"href":"https:\/\/civicspaceguardian.directoriolegislativo.org\/index.php\/wp-json\/wp\/v2\/media?parent=7129"}],"wp:term":[{"taxonomy":"category","embeddable":true,"href":"https:\/\/civicspaceguardian.directoriolegislativo.org\/index.php\/wp-json\/wp\/v2\/categories?post=7129"},{"taxonomy":"post_tag","embeddable":true,"href":"https:\/\/civicspaceguardian.directoriolegislativo.org\/index.php\/wp-json\/wp\/v2\/tags?post=7129"}],"curies":[{"name":"wp","href":"https:\/\/api.w.org\/{rel}","templated":true}]}}