{"id":7069,"date":"2021-07-02T19:05:32","date_gmt":"2021-07-02T19:05:32","guid":{"rendered":"https:\/\/civicspaceguardian.directoriolegislativo.org\/?p=7069"},"modified":"2021-09-29T16:58:38","modified_gmt":"2021-09-29T16:58:38","slug":"la-nueva-asamblea-legislativa-afin-al-oficialismo-pone-en-jaque-la-independencia-judicial","status":"publish","type":"post","link":"https:\/\/civicspaceguardian.directoriolegislativo.org\/index.php\/2021\/07\/02\/la-nueva-asamblea-legislativa-afin-al-oficialismo-pone-en-jaque-la-independencia-judicial\/","title":{"rendered":"La nueva Asamblea Legislativa af\u00edn al oficialismo pone en jaque la independencia judicial"},"content":{"rendered":"\t\t<div data-elementor-type=\"wp-post\" data-elementor-id=\"7069\" class=\"elementor elementor-7069\" data-elementor-settings=\"[]\">\n\t\t\t<div class=\"elementor-inner\">\n\t\t\t\t<div class=\"elementor-section-wrap\">\n\t\t\t\t\t\t\t<section class=\"elementor-element elementor-element-110e739 pos-absolute elementor-section-boxed elementor-section-height-default elementor-section-height-default elementor-section elementor-top-section\" data-id=\"110e739\" data-element_type=\"section\">\n\t\t\t\t\t\t<div class=\"elementor-container elementor-column-gap-default\">\n\t\t\t\t<div class=\"elementor-row\">\n\t\t\t\t<div class=\"elementor-element elementor-element-76a78a3d pos-child elementor-column elementor-col-50 elementor-top-column\" data-id=\"76a78a3d\" data-element_type=\"column\">\n\t\t\t<div class=\"elementor-column-wrap  elementor-element-populated\">\n\t\t\t\t\t<div class=\"elementor-widget-wrap\">\n\t\t\t\t<div class=\"elementor-element elementor-element-53f63776 elementor-widget elementor-widget-image\" data-id=\"53f63776\" data-element_type=\"widget\" data-widget_type=\"image.default\">\n\t\t\t\t<div class=\"elementor-widget-container\">\n\t\t\t\t\t<div class=\"elementor-image\">\n\t\t\t\t\t\t\t\t\t\t<img loading=\"lazy\" decoding=\"async\" width=\"512\" height=\"512\" src=\"https:\/\/civicspaceguardian.directoriolegislativo.org\/wp-content\/uploads\/2020\/07\/salvador.png\" class=\"attachment-large size-large\" alt=\"\" srcset=\"https:\/\/civicspaceguardian.directoriolegislativo.org\/wp-content\/uploads\/2020\/07\/salvador.png 512w, https:\/\/civicspaceguardian.directoriolegislativo.org\/wp-content\/uploads\/2020\/07\/salvador-300x300.png 300w, https:\/\/civicspaceguardian.directoriolegislativo.org\/wp-content\/uploads\/2020\/07\/salvador-150x150.png 150w, https:\/\/civicspaceguardian.directoriolegislativo.org\/wp-content\/uploads\/2020\/07\/salvador-100x100.png 100w\" sizes=\"(max-width: 512px) 100vw, 512px\" \/>\t\t\t\t\t\t\t\t\t\t\t<\/div>\n\t\t\t\t<\/div>\n\t\t\t\t<\/div>\n\t\t\t\t\t\t<\/div>\n\t\t\t<\/div>\n\t\t<\/div>\n\t\t\t\t<div class=\"elementor-element elementor-element-3af477b1 elementor-column elementor-col-50 elementor-top-column\" data-id=\"3af477b1\" data-element_type=\"column\">\n\t\t\t<div class=\"elementor-column-wrap  elementor-element-populated\">\n\t\t\t\t\t<div class=\"elementor-widget-wrap\">\n\t\t\t\t<div class=\"elementor-element elementor-element-3fafbabb elementor-widget elementor-widget-heading\" data-id=\"3fafbabb\" data-element_type=\"widget\" data-widget_type=\"heading.default\">\n\t\t\t\t<div class=\"elementor-widget-container\">\n\t\t\t<h2 class=\"elementor-heading-title elementor-size-default\">El Salvador<\/h2>\t\t<\/div>\n\t\t\t\t<\/div>\n\t\t\t\t\t\t<\/div>\n\t\t\t<\/div>\n\t\t<\/div>\n\t\t\t\t\t\t<\/div>\n\t\t\t<\/div>\n\t\t<\/section>\n\t\t\t\t<section class=\"elementor-element elementor-element-676eaba6 elementor-section-boxed elementor-section-height-default elementor-section-height-default elementor-section elementor-top-section\" data-id=\"676eaba6\" data-element_type=\"section\">\n\t\t\t\t\t\t<div class=\"elementor-container elementor-column-gap-default\">\n\t\t\t\t<div class=\"elementor-row\">\n\t\t\t\t<div class=\"elementor-element elementor-element-17d1c5e4 d-none elementor-column elementor-col-33 elementor-top-column\" data-id=\"17d1c5e4\" data-element_type=\"column\" data-settings=\"{&quot;background_background&quot;:&quot;classic&quot;}\">\n\t\t\t<div class=\"elementor-column-wrap  elementor-element-populated\">\n\t\t\t\t\t\t\t<div class=\"elementor-background-overlay\"><\/div>\n\t\t\t\t\t<div class=\"elementor-widget-wrap\">\n\t\t\t\t<div class=\"elementor-element elementor-element-6181fe98 elementor-widget elementor-widget-heading\" data-id=\"6181fe98\" data-element_type=\"widget\" data-widget_type=\"heading.default\">\n\t\t\t\t<div class=\"elementor-widget-container\">\n\t\t\t<h2 class=\"elementor-heading-title elementor-size-default\"><b>Impacto<\/b> | Negativo<\/h2>\t\t<\/div>\n\t\t\t\t<\/div>\n\t\t\t\t\t\t<\/div>\n\t\t\t<\/div>\n\t\t<\/div>\n\t\t\t\t<div class=\"elementor-element elementor-element-8214088 d-none elementor-column elementor-col-33 elementor-top-column\" data-id=\"8214088\" data-element_type=\"column\" data-settings=\"{&quot;background_background&quot;:&quot;classic&quot;}\">\n\t\t\t<div class=\"elementor-column-wrap  elementor-element-populated\">\n\t\t\t\t\t\t\t<div class=\"elementor-background-overlay\"><\/div>\n\t\t\t\t\t<div class=\"elementor-widget-wrap\">\n\t\t\t\t<div class=\"elementor-element elementor-element-aab8857 elementor-widget elementor-widget-heading\" data-id=\"aab8857\" data-element_type=\"widget\" data-widget_type=\"heading.default\">\n\t\t\t\t<div class=\"elementor-widget-container\">\n\t\t\t<h2 class=\"elementor-heading-title elementor-size-default\"><b>Rating Civicus<\/b> | Obstruido<\/h2>\t\t<\/div>\n\t\t\t\t<\/div>\n\t\t\t\t\t\t<\/div>\n\t\t\t<\/div>\n\t\t<\/div>\n\t\t\t\t<div class=\"elementor-element elementor-element-6c14f670 elementor-column elementor-col-33 elementor-top-column\" data-id=\"6c14f670\" data-element_type=\"column\">\n\t\t\t<div class=\"elementor-column-wrap\">\n\t\t\t\t\t<div class=\"elementor-widget-wrap\">\n\t\t\t\t\t\t<\/div>\n\t\t\t<\/div>\n\t\t<\/div>\n\t\t\t\t\t\t<\/div>\n\t\t\t<\/div>\n\t\t<\/section>\n\t\t\t\t<section class=\"elementor-element elementor-element-1e86eee8 elementor-section-boxed elementor-section-height-default elementor-section-height-default elementor-section elementor-top-section\" data-id=\"1e86eee8\" data-element_type=\"section\">\n\t\t\t\t\t\t<div class=\"elementor-container elementor-column-gap-default\">\n\t\t\t\t<div class=\"elementor-row\">\n\t\t\t\t<div class=\"elementor-element elementor-element-47133ecc d-none-2 elementor-column elementor-col-100 elementor-top-column\" data-id=\"47133ecc\" data-element_type=\"column\">\n\t\t\t<div class=\"elementor-column-wrap  elementor-element-populated\">\n\t\t\t\t\t<div class=\"elementor-widget-wrap\">\n\t\t\t\t<div class=\"elementor-element elementor-element-2074cc0f elementor-widget elementor-widget-text-editor\" data-id=\"2074cc0f\" data-element_type=\"widget\" data-widget_type=\"text-editor.default\">\n\t\t\t\t<div class=\"elementor-widget-container\">\n\t\t\t\t\t<div class=\"elementor-text-editor elementor-clearfix\"><section id=\"nota-9\" class=\"s-about\"><div class=\"row\"><div class=\"block-1-2 block-tab-full\"><div class=\"col-block lead center-text-elacult aos-init aos-animate\" data-aos=\"fade-up\"><p><span style=\"font-weight: 400;\">En su primera sesi\u00f3n plenaria, realizada el 1\u00b0 de mayo, los diputados electos del bloque oficialista Nuevas Ideas y aliados aprobaron sin discusi\u00f3n la destituci\u00f3n de los magistrados de la Sala de lo Constitucional de la Corte Suprema de Justicia y del Fiscal General, quienes fueron reemplazados por funcionarios afines al gobierno.<\/span><\/p><p><span style=\"font-weight: 400;\">El 1\u00b0 de mayo se dio inicio a un nuevo per\u00edodo de sesiones legislativas con la asunci\u00f3n de los 84 diputados electos. En la sesi\u00f3n inaugural, los 56 diputados oficialistas y aliados aprobaron la destituci\u00f3n de los cinco magistrados que componen la Sala de lo Constitucional de la Corte Suprema de Justicia y designaron a sus reemplazantes. Lo mismo sucedi\u00f3 con el Fiscal General Ra\u00fal Melara, que ser\u00e1 sustituido en el cargo por Rodolfo Antonio Delgado. Ese mismo d\u00eda, los cambios fueron<\/span><a href=\"https:\/\/alertas.directoriolegislativo.org\/wp-content\/uploads\/2021\/05\/01-05-2021-destitucion-magistrados-ELS.pdf\"> <span style=\"font-weight: 400;\">promulgados en el Diario Oficial<\/span><\/a><span style=\"font-weight: 400;\">.<\/span><\/p><p><span style=\"font-weight: 400;\">Los diputados oficialistas argumentaron que &#8220;los actuales magistrados de la Sala de lo Constitucional actuaron contra la Constituci\u00f3n, poniendo en primer lugar intereses particulares por sobre la salud y la vida de toda la poblaci\u00f3n&#8221;. Estos dichos aluden a una serie de fallos de la Sala que, a mediados de 2020, impidieron la entrada en vigencia de un conjunto de decisiones del gobierno por contener suspensiones o limitaciones de derechos no avaladas por el \u00f3rgano legislativo. En cuanto al Fiscal General Melara, los diputados alegaron supuestos v\u00ednculos con el partido opositor ARENA, que &#8220;ponen en tela de juicio su objetividad, independencia e imparcialidad&#8221;.<\/span><\/p><p><span style=\"font-weight: 400;\">La precaria situaci\u00f3n institucional motiv\u00f3 a cinco organizaciones sociales &#8211; FUSADES, FUNDE, DTJ, Futuro Abierto y TRACODA &#8211; a <\/span><a href=\"http:\/\/alertas.directoriolegislativo.org\/wp-content\/uploads\/2021\/05\/Letter-form-El-Salvadors-civil-society-organizations-to-OGPs-Steering-Committee-5-May-2021.pdf\"><span style=\"font-weight: 400;\">solicitar<\/span><\/a><span style=\"font-weight: 400;\"> el pasado 5 de mayo la activaci\u00f3n del <\/span><a href=\"https:\/\/www.opengovpartnership.org\/es\/rapid-response-protocol\/\"><span style=\"font-weight: 400;\">protocolo de respuesta r\u00e1pida<\/span><\/a><span style=\"font-weight: 400;\"> de la Alianza de Gobierno Abierto (OGP), de la cual forma parte el gobierno de El Salvador. En respuesta, el CEO de OGP, Sanjay Pradhan, emiti\u00f3 un <\/span><a href=\"https:\/\/www.opengovpartnership.org\/es\/news\/statement-from-the-ceo-of-ogp-on-the-rapid-response-request-concerning-the-government-of-el-salvador\/\"><span style=\"font-weight: 400;\">comunicado<\/span><\/a><span style=\"font-weight: 400;\"> en el que advierte que esas acciones socavan el Estado de derecho y la separaci\u00f3n de poderes e insta al gobierno salvadore\u00f1o &#8220;a trabajar con la sociedad civil y utilizar el plan de acci\u00f3n (de gobierno abierto) para implementar reformas democr\u00e1ticas que respeten el Estado de derecho, aseguren la separaci\u00f3n de poderes y protejan el espacio c\u00edvico&#8221;.<\/span><\/p><p><span style=\"font-weight: 400;\">Por otra parte, el 21 de mayo,<\/span> <span style=\"font-weight: 400;\">la agencia estadounidense USAID anunci\u00f3 a trav\u00e9s de un <\/span><a href=\"https:\/\/www.usaid.gov\/news-information\/press-releases\/may-21-2021-usaid-redirects-assistance-salvadoran-government-institutions-civil-society\"><span style=\"font-weight: 400;\">comunicado<\/span><\/a><span style=\"font-weight: 400;\"> que, debido a su profunda preocupaci\u00f3n por la destituci\u00f3n de los magistrados y del Fiscal General, reorientar\u00eda la asistencia dirigida la Polic\u00eda Nacional Civil y el Instituto de Acceso a la Informaci\u00f3n P\u00fablica (IAIP).<\/span><\/p><\/div><\/div><\/div><\/section><\/div>\n\t\t\t\t<\/div>\n\t\t\t\t<\/div>\n\t\t\t\t\t\t<\/div>\n\t\t\t<\/div>\n\t\t<\/div>\n\t\t\t\t\t\t<\/div>\n\t\t\t<\/div>\n\t\t<\/section>\n\t\t\t\t<section class=\"elementor-element elementor-element-2e3ae86e elementor-section-boxed elementor-section-height-default elementor-section-height-default elementor-section elementor-top-section\" data-id=\"2e3ae86e\" data-element_type=\"section\">\n\t\t\t\t\t\t<div class=\"elementor-container elementor-column-gap-default\">\n\t\t\t\t<div class=\"elementor-row\">\n\t\t\t\t<div class=\"elementor-element elementor-element-5972e755 elementor-column elementor-col-100 elementor-top-column\" data-id=\"5972e755\" data-element_type=\"column\">\n\t\t\t<div class=\"elementor-column-wrap\">\n\t\t\t\t\t<div class=\"elementor-widget-wrap\">\n\t\t\t\t\t\t<\/div>\n\t\t\t<\/div>\n\t\t<\/div>\n\t\t\t\t\t\t<\/div>\n\t\t\t<\/div>\n\t\t<\/section>\n\t\t\t\t\t\t<\/div>\n\t\t\t<\/div>\n\t\t<\/div>\n\t\t","protected":false},"excerpt":{"rendered":"<p>El Salvador Impacto | Negativo Rating Civicus | Obstruido En su primera sesi\u00f3n plenaria, realizada el 1\u00b0 de mayo, los diputados electos del bloque oficialista Nuevas Ideas y aliados aprobaron sin discusi\u00f3n la destituci\u00f3n de los magistrados de la Sala de lo Constitucional de la Corte Suprema de Justicia y del Fiscal General, quienes fueron [&hellip;]<\/p>\n","protected":false},"author":1,"featured_media":7070,"comment_status":"open","ping_status":"open","sticky":false,"template":"","format":"standard","meta":{"_monsterinsights_skip_tracking":false,"_monsterinsights_sitenote_active":false,"_monsterinsights_sitenote_note":"","_monsterinsights_sitenote_category":0,"footnotes":""},"categories":[185,148],"tags":[161],"class_list":["post-7069","post","type-post","status-publish","format-standard","has-post-thumbnail","hentry","category-18-es","category-el-salvador-es","tag-participacion-ciudadana"],"wps_subtitle":"","_links":{"self":[{"href":"https:\/\/civicspaceguardian.directoriolegislativo.org\/index.php\/wp-json\/wp\/v2\/posts\/7069"}],"collection":[{"href":"https:\/\/civicspaceguardian.directoriolegislativo.org\/index.php\/wp-json\/wp\/v2\/posts"}],"about":[{"href":"https:\/\/civicspaceguardian.directoriolegislativo.org\/index.php\/wp-json\/wp\/v2\/types\/post"}],"author":[{"embeddable":true,"href":"https:\/\/civicspaceguardian.directoriolegislativo.org\/index.php\/wp-json\/wp\/v2\/users\/1"}],"replies":[{"embeddable":true,"href":"https:\/\/civicspaceguardian.directoriolegislativo.org\/index.php\/wp-json\/wp\/v2\/comments?post=7069"}],"version-history":[{"count":3,"href":"https:\/\/civicspaceguardian.directoriolegislativo.org\/index.php\/wp-json\/wp\/v2\/posts\/7069\/revisions"}],"predecessor-version":[{"id":7552,"href":"https:\/\/civicspaceguardian.directoriolegislativo.org\/index.php\/wp-json\/wp\/v2\/posts\/7069\/revisions\/7552"}],"wp:featuredmedia":[{"embeddable":true,"href":"https:\/\/civicspaceguardian.directoriolegislativo.org\/index.php\/wp-json\/wp\/v2\/media\/7070"}],"wp:attachment":[{"href":"https:\/\/civicspaceguardian.directoriolegislativo.org\/index.php\/wp-json\/wp\/v2\/media?parent=7069"}],"wp:term":[{"taxonomy":"category","embeddable":true,"href":"https:\/\/civicspaceguardian.directoriolegislativo.org\/index.php\/wp-json\/wp\/v2\/categories?post=7069"},{"taxonomy":"post_tag","embeddable":true,"href":"https:\/\/civicspaceguardian.directoriolegislativo.org\/index.php\/wp-json\/wp\/v2\/tags?post=7069"}],"curies":[{"name":"wp","href":"https:\/\/api.w.org\/{rel}","templated":true}]}}