{"id":6970,"date":"2021-07-01T15:15:27","date_gmt":"2021-07-01T15:15:27","guid":{"rendered":"https:\/\/civicspaceguardian.directoriolegislativo.org\/?p=6970"},"modified":"2021-07-01T15:17:19","modified_gmt":"2021-07-01T15:17:19","slug":"companias-de-telefonia-movil-obligadas-por-ley-a-brindar-informacion-personal-de-sus-usuarios","status":"publish","type":"post","link":"https:\/\/civicspaceguardian.directoriolegislativo.org\/index.php\/2021\/07\/01\/companias-de-telefonia-movil-obligadas-por-ley-a-brindar-informacion-personal-de-sus-usuarios\/","title":{"rendered":"Compa\u00f1\u00edas de telefon\u00eda m\u00f3vil, obligadas por ley a brindar informaci\u00f3n personal de sus usuarios"},"content":{"rendered":"\t\t<div data-elementor-type=\"wp-post\" data-elementor-id=\"6970\" class=\"elementor elementor-6970\" data-elementor-settings=\"[]\">\n\t\t\t<div class=\"elementor-inner\">\n\t\t\t\t<div class=\"elementor-section-wrap\">\n\t\t\t\t\t\t\t<section class=\"elementor-element elementor-element-4f7ebe6b pos-absolute elementor-section-boxed elementor-section-height-default elementor-section-height-default elementor-section elementor-top-section\" data-id=\"4f7ebe6b\" data-element_type=\"section\">\n\t\t\t\t\t\t<div class=\"elementor-container elementor-column-gap-default\">\n\t\t\t\t<div class=\"elementor-row\">\n\t\t\t\t<div class=\"elementor-element elementor-element-2722ff5 pos-child elementor-column elementor-col-50 elementor-top-column\" data-id=\"2722ff5\" data-element_type=\"column\">\n\t\t\t<div class=\"elementor-column-wrap  elementor-element-populated\">\n\t\t\t\t\t<div class=\"elementor-widget-wrap\">\n\t\t\t\t<div class=\"elementor-element elementor-element-63111c02 elementor-widget elementor-widget-image\" data-id=\"63111c02\" data-element_type=\"widget\" data-widget_type=\"image.default\">\n\t\t\t\t<div class=\"elementor-widget-container\">\n\t\t\t\t\t<div class=\"elementor-image\">\n\t\t\t\t\t\t\t\t\t\t<img loading=\"lazy\" decoding=\"async\" width=\"512\" height=\"512\" src=\"https:\/\/civicspaceguardian.directoriolegislativo.org\/wp-content\/uploads\/2020\/06\/mexico.png\" class=\"attachment-large size-large\" alt=\"\" srcset=\"https:\/\/civicspaceguardian.directoriolegislativo.org\/wp-content\/uploads\/2020\/06\/mexico.png 512w, https:\/\/civicspaceguardian.directoriolegislativo.org\/wp-content\/uploads\/2020\/06\/mexico-300x300.png 300w, https:\/\/civicspaceguardian.directoriolegislativo.org\/wp-content\/uploads\/2020\/06\/mexico-150x150.png 150w, https:\/\/civicspaceguardian.directoriolegislativo.org\/wp-content\/uploads\/2020\/06\/mexico-100x100.png 100w\" sizes=\"(max-width: 512px) 100vw, 512px\" \/>\t\t\t\t\t\t\t\t\t\t\t<\/div>\n\t\t\t\t<\/div>\n\t\t\t\t<\/div>\n\t\t\t\t\t\t<\/div>\n\t\t\t<\/div>\n\t\t<\/div>\n\t\t\t\t<div class=\"elementor-element elementor-element-2d78743f elementor-column elementor-col-50 elementor-top-column\" data-id=\"2d78743f\" data-element_type=\"column\">\n\t\t\t<div class=\"elementor-column-wrap  elementor-element-populated\">\n\t\t\t\t\t<div class=\"elementor-widget-wrap\">\n\t\t\t\t<div class=\"elementor-element elementor-element-2eb8eb9c elementor-widget elementor-widget-heading\" data-id=\"2eb8eb9c\" data-element_type=\"widget\" data-widget_type=\"heading.default\">\n\t\t\t\t<div class=\"elementor-widget-container\">\n\t\t\t<h2 class=\"elementor-heading-title elementor-size-default\">M\u00e9xico<\/h2>\t\t<\/div>\n\t\t\t\t<\/div>\n\t\t\t\t\t\t<\/div>\n\t\t\t<\/div>\n\t\t<\/div>\n\t\t\t\t\t\t<\/div>\n\t\t\t<\/div>\n\t\t<\/section>\n\t\t\t\t<section class=\"elementor-element elementor-element-7bec377b elementor-section-boxed elementor-section-height-default elementor-section-height-default elementor-section elementor-top-section\" data-id=\"7bec377b\" data-element_type=\"section\">\n\t\t\t\t\t\t<div class=\"elementor-container elementor-column-gap-default\">\n\t\t\t\t<div class=\"elementor-row\">\n\t\t\t\t<div class=\"elementor-element elementor-element-8efbaab d-none elementor-column elementor-col-33 elementor-top-column\" data-id=\"8efbaab\" data-element_type=\"column\" data-settings=\"{&quot;background_background&quot;:&quot;classic&quot;}\">\n\t\t\t<div class=\"elementor-column-wrap  elementor-element-populated\">\n\t\t\t\t\t\t\t<div class=\"elementor-background-overlay\"><\/div>\n\t\t\t\t\t<div class=\"elementor-widget-wrap\">\n\t\t\t\t<div class=\"elementor-element elementor-element-310e78a5 elementor-widget elementor-widget-heading\" data-id=\"310e78a5\" data-element_type=\"widget\" data-widget_type=\"heading.default\">\n\t\t\t\t<div class=\"elementor-widget-container\">\n\t\t\t<h2 class=\"elementor-heading-title elementor-size-default\"><b>Impacto<\/b> | Negativo<\/h2>\t\t<\/div>\n\t\t\t\t<\/div>\n\t\t\t\t\t\t<\/div>\n\t\t\t<\/div>\n\t\t<\/div>\n\t\t\t\t<div class=\"elementor-element elementor-element-1e5212b d-none elementor-column elementor-col-33 elementor-top-column\" data-id=\"1e5212b\" data-element_type=\"column\" data-settings=\"{&quot;background_background&quot;:&quot;classic&quot;}\">\n\t\t\t<div class=\"elementor-column-wrap  elementor-element-populated\">\n\t\t\t\t\t\t\t<div class=\"elementor-background-overlay\"><\/div>\n\t\t\t\t\t<div class=\"elementor-widget-wrap\">\n\t\t\t\t<div class=\"elementor-element elementor-element-92da221 elementor-widget elementor-widget-heading\" data-id=\"92da221\" data-element_type=\"widget\" data-widget_type=\"heading.default\">\n\t\t\t\t<div class=\"elementor-widget-container\">\n\t\t\t<h2 class=\"elementor-heading-title elementor-size-default\"><b>Rating Civicus <\/b>| Reprimido<\/h2>\t\t<\/div>\n\t\t\t\t<\/div>\n\t\t\t\t\t\t<\/div>\n\t\t\t<\/div>\n\t\t<\/div>\n\t\t\t\t<div class=\"elementor-element elementor-element-235fe175 elementor-column elementor-col-33 elementor-top-column\" data-id=\"235fe175\" data-element_type=\"column\">\n\t\t\t<div class=\"elementor-column-wrap\">\n\t\t\t\t\t<div class=\"elementor-widget-wrap\">\n\t\t\t\t\t\t<\/div>\n\t\t\t<\/div>\n\t\t<\/div>\n\t\t\t\t\t\t<\/div>\n\t\t\t<\/div>\n\t\t<\/section>\n\t\t\t\t<section class=\"elementor-element elementor-element-103f8d99 elementor-section-boxed elementor-section-height-default elementor-section-height-default elementor-section elementor-top-section\" data-id=\"103f8d99\" data-element_type=\"section\">\n\t\t\t\t\t\t<div class=\"elementor-container elementor-column-gap-default\">\n\t\t\t\t<div class=\"elementor-row\">\n\t\t\t\t<div class=\"elementor-element elementor-element-174a2505 d-none-2 elementor-column elementor-col-100 elementor-top-column\" data-id=\"174a2505\" data-element_type=\"column\">\n\t\t\t<div class=\"elementor-column-wrap  elementor-element-populated\">\n\t\t\t\t\t<div class=\"elementor-widget-wrap\">\n\t\t\t\t<div class=\"elementor-element elementor-element-19a0860b elementor-widget elementor-widget-text-editor\" data-id=\"19a0860b\" data-element_type=\"widget\" data-widget_type=\"text-editor.default\">\n\t\t\t\t<div class=\"elementor-widget-container\">\n\t\t\t\t\t<div class=\"elementor-text-editor elementor-clearfix\"><section id=\"nota-9\" class=\"s-about\"><div class=\"row\"><div class=\"block-1-2 block-tab-full\"><div class=\"col-block lead center-text-elacult aos-init aos-animate\" data-aos=\"fade-up\"><p><span style=\"font-weight: 400;\">El 16 de abril, el presidente Andr\u00e9s Manuel L\u00f3pez Obrador promulg\u00f3 un <\/span><a href=\"https:\/\/alertas.directoriolegislativo.org\/wp-content\/uploads\/2021\/04\/acuerdo-padron-usuarios-moviles-MEX.pdf\"><span style=\"font-weight: 400;\">decreto<\/span><\/a><span style=\"font-weight: 400;\"> aprobado por el Congreso por el cual se crea un Padr\u00f3n Nacional de Usuarios de Telefon\u00eda M\u00f3vil; en otros t\u00e9rminos, una base de datos con informaci\u00f3n personal que se utilizar\u00e1 para combatir delitos, como la extorsi\u00f3n y el secuestro. Los concesionarios de los servicios de telecomunicaciones, ser\u00e1n los encargados de recolectar y registrar la informaci\u00f3n sobre la identidad, datos biom\u00e9tricos y domicilio del usuario en un plazo de dos a\u00f1os a partir de su publicaci\u00f3n.<\/span><\/p><p><span style=\"font-weight: 400;\">A las personas que no cumplan con la entrega de la informaci\u00f3n, se les podr\u00e1 cancelar la prestaci\u00f3n del servicio relacionado con la l\u00ednea telef\u00f3nica m\u00f3vil, sin derecho a reactivaci\u00f3n, pago o indemnizaci\u00f3n alguna.<\/span><\/p><p><span style=\"font-weight: 400;\">La exigencia de proveer datos personales y, particularmente, datos biom\u00e9tricos para poder conservar una l\u00ednea celular implica que cualquier filtraci\u00f3n dejar\u00eda al descubierto informaci\u00f3n personal \u00fanica, como lo son las huellas digitales, que no pueden ser luego modificadas o restituidas.\u00a0<\/span><\/p><p><span style=\"font-weight: 400;\">Mientras el proyecto se encontraba en discusi\u00f3n, la Red en Defensa de los Derechos Digitales<\/span><a href=\"https:\/\/r3d.mx\/2021\/03\/16\/senado-debe-desechar-dictamen-sobre-el-padron-nacional-de-usuarios-de-telefonia-movil\/\"> <span style=\"font-weight: 400;\">plante\u00f3<\/span><\/a><span style=\"font-weight: 400;\"> su preocupaci\u00f3n ante el Senado, advirtiendo que una base de datos de esta naturaleza constituye un serio riesgo para la privacidad y seguridad de la ciudadan\u00eda. Esto se agrava porque adem\u00e1s la base crea \u201cun punto \u00fanico de falla altamente atractivo a ataques inform\u00e1ticos\u201d.<\/span><\/p><p><span style=\"font-weight: 400;\">El rechazo a la medida tiene otro antecedente: un Registro Nacional de Usuarios de Telecomunicaciones (RENAUT), tambi\u00e9n creado con el prop\u00f3sito de combatir la criminalidad, que tuvo que ser posteriormente eliminado por filtraciones de informaci\u00f3n de su base de datos.<\/span><\/p><\/div><\/div><\/div><\/section><section id=\"nota-10\" class=\"s-about-gray\"><div class=\"row section-header aos-init aos-animate\" data-aos=\"fade-up\"><div class=\"col-full\">\u00a0<\/div><\/div><\/section><\/div>\n\t\t\t\t<\/div>\n\t\t\t\t<\/div>\n\t\t\t\t\t\t<\/div>\n\t\t\t<\/div>\n\t\t<\/div>\n\t\t\t\t\t\t<\/div>\n\t\t\t<\/div>\n\t\t<\/section>\n\t\t\t\t<section class=\"elementor-element elementor-element-2c7d364f elementor-section-boxed elementor-section-height-default elementor-section-height-default elementor-section elementor-top-section\" data-id=\"2c7d364f\" data-element_type=\"section\">\n\t\t\t\t\t\t<div class=\"elementor-container elementor-column-gap-default\">\n\t\t\t\t<div class=\"elementor-row\">\n\t\t\t\t<div class=\"elementor-element elementor-element-4dab03d5 elementor-column elementor-col-100 elementor-top-column\" data-id=\"4dab03d5\" data-element_type=\"column\">\n\t\t\t<div class=\"elementor-column-wrap\">\n\t\t\t\t\t<div class=\"elementor-widget-wrap\">\n\t\t\t\t\t\t<\/div>\n\t\t\t<\/div>\n\t\t<\/div>\n\t\t\t\t\t\t<\/div>\n\t\t\t<\/div>\n\t\t<\/section>\n\t\t\t\t\t\t<\/div>\n\t\t\t<\/div>\n\t\t<\/div>\n\t\t","protected":false},"excerpt":{"rendered":"<p>M\u00e9xico Impacto | Negativo Rating Civicus | Reprimido El 16 de abril, el presidente Andr\u00e9s Manuel L\u00f3pez Obrador promulg\u00f3 un decreto aprobado por el Congreso por el cual se crea un Padr\u00f3n Nacional de Usuarios de Telefon\u00eda M\u00f3vil; en otros t\u00e9rminos, una base de datos con informaci\u00f3n personal que se utilizar\u00e1 para combatir delitos, como [&hellip;]<\/p>\n","protected":false},"author":1,"featured_media":6971,"comment_status":"open","ping_status":"open","sticky":false,"template":"","format":"standard","meta":{"_monsterinsights_skip_tracking":false,"_monsterinsights_sitenote_active":false,"_monsterinsights_sitenote_note":"","_monsterinsights_sitenote_category":0,"footnotes":""},"categories":[182,109],"tags":[164],"class_list":["post-6970","post","type-post","status-publish","format-standard","has-post-thumbnail","hentry","category-17-es","category-mexico-es","tag-derecho-a-la-privacidad"],"wps_subtitle":"","_links":{"self":[{"href":"https:\/\/civicspaceguardian.directoriolegislativo.org\/index.php\/wp-json\/wp\/v2\/posts\/6970"}],"collection":[{"href":"https:\/\/civicspaceguardian.directoriolegislativo.org\/index.php\/wp-json\/wp\/v2\/posts"}],"about":[{"href":"https:\/\/civicspaceguardian.directoriolegislativo.org\/index.php\/wp-json\/wp\/v2\/types\/post"}],"author":[{"embeddable":true,"href":"https:\/\/civicspaceguardian.directoriolegislativo.org\/index.php\/wp-json\/wp\/v2\/users\/1"}],"replies":[{"embeddable":true,"href":"https:\/\/civicspaceguardian.directoriolegislativo.org\/index.php\/wp-json\/wp\/v2\/comments?post=6970"}],"version-history":[{"count":2,"href":"https:\/\/civicspaceguardian.directoriolegislativo.org\/index.php\/wp-json\/wp\/v2\/posts\/6970\/revisions"}],"predecessor-version":[{"id":6973,"href":"https:\/\/civicspaceguardian.directoriolegislativo.org\/index.php\/wp-json\/wp\/v2\/posts\/6970\/revisions\/6973"}],"wp:featuredmedia":[{"embeddable":true,"href":"https:\/\/civicspaceguardian.directoriolegislativo.org\/index.php\/wp-json\/wp\/v2\/media\/6971"}],"wp:attachment":[{"href":"https:\/\/civicspaceguardian.directoriolegislativo.org\/index.php\/wp-json\/wp\/v2\/media?parent=6970"}],"wp:term":[{"taxonomy":"category","embeddable":true,"href":"https:\/\/civicspaceguardian.directoriolegislativo.org\/index.php\/wp-json\/wp\/v2\/categories?post=6970"},{"taxonomy":"post_tag","embeddable":true,"href":"https:\/\/civicspaceguardian.directoriolegislativo.org\/index.php\/wp-json\/wp\/v2\/tags?post=6970"}],"curies":[{"name":"wp","href":"https:\/\/api.w.org\/{rel}","templated":true}]}}