{"id":6963,"date":"2021-07-01T15:05:00","date_gmt":"2021-07-01T15:05:00","guid":{"rendered":"https:\/\/civicspaceguardian.directoriolegislativo.org\/?p=6963"},"modified":"2021-07-01T15:14:38","modified_gmt":"2021-07-01T15:14:38","slug":"el-gobierno-presentara-un-proyecto-de-ley-para-regular-las-redes-sociales","status":"publish","type":"post","link":"https:\/\/civicspaceguardian.directoriolegislativo.org\/index.php\/2021\/07\/01\/el-gobierno-presentara-un-proyecto-de-ley-para-regular-las-redes-sociales\/","title":{"rendered":"El gobierno presentar\u00e1 un proyecto de ley para regular las redes sociales"},"content":{"rendered":"\t\t<div data-elementor-type=\"wp-post\" data-elementor-id=\"6963\" class=\"elementor elementor-6963\" data-elementor-settings=\"[]\">\n\t\t\t<div class=\"elementor-inner\">\n\t\t\t\t<div class=\"elementor-section-wrap\">\n\t\t\t\t\t\t\t<section class=\"elementor-element elementor-element-604d44b1 pos-absolute elementor-section-boxed elementor-section-height-default elementor-section-height-default elementor-section elementor-top-section\" data-id=\"604d44b1\" data-element_type=\"section\">\n\t\t\t\t\t\t<div class=\"elementor-container elementor-column-gap-default\">\n\t\t\t\t<div class=\"elementor-row\">\n\t\t\t\t<div class=\"elementor-element elementor-element-6b57da0b pos-child elementor-column elementor-col-50 elementor-top-column\" data-id=\"6b57da0b\" data-element_type=\"column\">\n\t\t\t<div class=\"elementor-column-wrap  elementor-element-populated\">\n\t\t\t\t\t<div class=\"elementor-widget-wrap\">\n\t\t\t\t<div class=\"elementor-element elementor-element-17c6eb6a elementor-widget elementor-widget-image\" data-id=\"17c6eb6a\" data-element_type=\"widget\" data-widget_type=\"image.default\">\n\t\t\t\t<div class=\"elementor-widget-container\">\n\t\t\t\t\t<div class=\"elementor-image\">\n\t\t\t\t\t\t\t\t\t\t<img loading=\"lazy\" decoding=\"async\" width=\"512\" height=\"512\" src=\"https:\/\/civicspaceguardian.directoriolegislativo.org\/wp-content\/uploads\/2020\/06\/venezuela.png\" class=\"attachment-large size-large\" alt=\"\" srcset=\"https:\/\/civicspaceguardian.directoriolegislativo.org\/wp-content\/uploads\/2020\/06\/venezuela.png 512w, https:\/\/civicspaceguardian.directoriolegislativo.org\/wp-content\/uploads\/2020\/06\/venezuela-300x300.png 300w, https:\/\/civicspaceguardian.directoriolegislativo.org\/wp-content\/uploads\/2020\/06\/venezuela-150x150.png 150w, https:\/\/civicspaceguardian.directoriolegislativo.org\/wp-content\/uploads\/2020\/06\/venezuela-100x100.png 100w\" sizes=\"(max-width: 512px) 100vw, 512px\" \/>\t\t\t\t\t\t\t\t\t\t\t<\/div>\n\t\t\t\t<\/div>\n\t\t\t\t<\/div>\n\t\t\t\t\t\t<\/div>\n\t\t\t<\/div>\n\t\t<\/div>\n\t\t\t\t<div class=\"elementor-element elementor-element-e1aa0e2 elementor-column elementor-col-50 elementor-top-column\" data-id=\"e1aa0e2\" data-element_type=\"column\">\n\t\t\t<div class=\"elementor-column-wrap  elementor-element-populated\">\n\t\t\t\t\t<div class=\"elementor-widget-wrap\">\n\t\t\t\t<div class=\"elementor-element elementor-element-17da2855 elementor-widget elementor-widget-heading\" data-id=\"17da2855\" data-element_type=\"widget\" data-widget_type=\"heading.default\">\n\t\t\t\t<div class=\"elementor-widget-container\">\n\t\t\t<h2 class=\"elementor-heading-title elementor-size-default\">Venezuela<\/h2>\t\t<\/div>\n\t\t\t\t<\/div>\n\t\t\t\t\t\t<\/div>\n\t\t\t<\/div>\n\t\t<\/div>\n\t\t\t\t\t\t<\/div>\n\t\t\t<\/div>\n\t\t<\/section>\n\t\t\t\t<section class=\"elementor-element elementor-element-72262e70 elementor-section-boxed elementor-section-height-default elementor-section-height-default elementor-section elementor-top-section\" data-id=\"72262e70\" data-element_type=\"section\">\n\t\t\t\t\t\t<div class=\"elementor-container elementor-column-gap-default\">\n\t\t\t\t<div class=\"elementor-row\">\n\t\t\t\t<div class=\"elementor-element elementor-element-7a5c1cd8 d-none elementor-column elementor-col-25 elementor-top-column\" data-id=\"7a5c1cd8\" data-element_type=\"column\" data-settings=\"{&quot;background_background&quot;:&quot;classic&quot;}\">\n\t\t\t<div class=\"elementor-column-wrap  elementor-element-populated\">\n\t\t\t\t\t\t\t<div class=\"elementor-background-overlay\"><\/div>\n\t\t\t\t\t<div class=\"elementor-widget-wrap\">\n\t\t\t\t<div class=\"elementor-element elementor-element-2bb4d1c6 elementor-widget elementor-widget-heading\" data-id=\"2bb4d1c6\" data-element_type=\"widget\" data-widget_type=\"heading.default\">\n\t\t\t\t<div class=\"elementor-widget-container\">\n\t\t\t<h2 class=\"elementor-heading-title elementor-size-default\"><b>Impacto<\/b> | Negativo<\/h2>\t\t<\/div>\n\t\t\t\t<\/div>\n\t\t\t\t\t\t<\/div>\n\t\t\t<\/div>\n\t\t<\/div>\n\t\t\t\t<div class=\"elementor-element elementor-element-f27e64c d-none elementor-column elementor-col-25 elementor-top-column\" data-id=\"f27e64c\" data-element_type=\"column\" data-settings=\"{&quot;background_background&quot;:&quot;classic&quot;}\">\n\t\t\t<div class=\"elementor-column-wrap  elementor-element-populated\">\n\t\t\t\t\t\t\t<div class=\"elementor-background-overlay\"><\/div>\n\t\t\t\t\t<div class=\"elementor-widget-wrap\">\n\t\t\t\t<div class=\"elementor-element elementor-element-b869f1a elementor-widget elementor-widget-heading\" data-id=\"b869f1a\" data-element_type=\"widget\" data-widget_type=\"heading.default\">\n\t\t\t\t<div class=\"elementor-widget-container\">\n\t\t\t<h2 class=\"elementor-heading-title elementor-size-default\"><b>Probabilidad<\/b> | Alta<\/h2>\t\t<\/div>\n\t\t\t\t<\/div>\n\t\t\t\t\t\t<\/div>\n\t\t\t<\/div>\n\t\t<\/div>\n\t\t\t\t<div class=\"elementor-element elementor-element-e2bde21 d-none elementor-column elementor-col-25 elementor-top-column\" data-id=\"e2bde21\" data-element_type=\"column\" data-settings=\"{&quot;background_background&quot;:&quot;classic&quot;}\">\n\t\t\t<div class=\"elementor-column-wrap  elementor-element-populated\">\n\t\t\t\t\t\t\t<div class=\"elementor-background-overlay\"><\/div>\n\t\t\t\t\t<div class=\"elementor-widget-wrap\">\n\t\t\t\t<div class=\"elementor-element elementor-element-d23c84c elementor-widget elementor-widget-heading\" data-id=\"d23c84c\" data-element_type=\"widget\" data-widget_type=\"heading.default\">\n\t\t\t\t<div class=\"elementor-widget-container\">\n\t\t\t<h2 class=\"elementor-heading-title elementor-size-default\"><b>Rating Civicus <\/b>| Reprimido<\/h2>\t\t<\/div>\n\t\t\t\t<\/div>\n\t\t\t\t\t\t<\/div>\n\t\t\t<\/div>\n\t\t<\/div>\n\t\t\t\t<div class=\"elementor-element elementor-element-39ef5caf elementor-column elementor-col-25 elementor-top-column\" data-id=\"39ef5caf\" data-element_type=\"column\">\n\t\t\t<div class=\"elementor-column-wrap\">\n\t\t\t\t\t<div class=\"elementor-widget-wrap\">\n\t\t\t\t\t\t<\/div>\n\t\t\t<\/div>\n\t\t<\/div>\n\t\t\t\t\t\t<\/div>\n\t\t\t<\/div>\n\t\t<\/section>\n\t\t\t\t<section class=\"elementor-element elementor-element-48af6518 elementor-section-boxed elementor-section-height-default elementor-section-height-default elementor-section elementor-top-section\" data-id=\"48af6518\" data-element_type=\"section\">\n\t\t\t\t\t\t<div class=\"elementor-container elementor-column-gap-default\">\n\t\t\t\t<div class=\"elementor-row\">\n\t\t\t\t<div class=\"elementor-element elementor-element-781bc1a2 d-none-2 elementor-column elementor-col-100 elementor-top-column\" data-id=\"781bc1a2\" data-element_type=\"column\">\n\t\t\t<div class=\"elementor-column-wrap  elementor-element-populated\">\n\t\t\t\t\t<div class=\"elementor-widget-wrap\">\n\t\t\t\t<div class=\"elementor-element elementor-element-71216af9 elementor-widget elementor-widget-text-editor\" data-id=\"71216af9\" data-element_type=\"widget\" data-widget_type=\"text-editor.default\">\n\t\t\t\t<div class=\"elementor-widget-container\">\n\t\t\t\t\t<div class=\"elementor-text-editor elementor-clearfix\"><section id=\"nota-9\" class=\"s-about\"><div class=\"row\"><div class=\"block-1-2 block-tab-full\"><div class=\"col-block lead center-text-elacult aos-init aos-animate\" data-aos=\"fade-up\"><p><span style=\"font-weight: 400;\">El ministro de Comunicaci\u00f3n, Freddy \u00d1a\u00f1ez, anunci\u00f3 que el gobierno presentar\u00e1 a la Asamblea Nacional un proyecto de ley para regular las redes sociales. Las declaraciones se produjeron pocos d\u00edas despu\u00e9s de que Facebook suspendiera temporalmente la cuenta de Nicol\u00e1s Maduro por recomendar el uso del Carvativir para curar el COVID-19 pese a no contar con respaldo cient\u00edfico alguno.\u00a0<\/span><\/p><p><span style=\"font-weight: 400;\">La intenci\u00f3n del gobierno de avanzar en una regulaci\u00f3n de las redes sociales ya se hab\u00eda planteado como parte del debate por la<\/span> <a href=\"https:\/\/directorio.cloud\/csg-wp\/wordpress\/index.php\/2021\/03\/29\/control-de-internet-y-redes-sociales-entre-las-prioridades-de-la-asamblea-nacional-para-el-2021\/\"><span style=\"font-weight: 400;\">reforma de la Ley de Responsabilidad Social en Radio y Televisi\u00f3n y Medios Electr\u00f3nicos<\/span><\/a><span style=\"font-weight: 400;\"> (tambi\u00e9n conocida como Ley Resorte) que se est\u00e1 desarrollando en la Asamblea.<\/span><\/p><p><span style=\"font-weight: 400;\">En una reuni\u00f3n realizada el 7 de abril entre los miembros de la Comisi\u00f3n Permanente de Medios de Comunicaci\u00f3n de la Asamblea Nacional y representantes de la Comisi\u00f3n Nacional de Telecomunicaciones y el Ministerio de Comunicaci\u00f3n e Informaci\u00f3n, se acord\u00f3 que las sanciones de la Ley Resorte ser\u00e1n incluidas en el nuevo C\u00f3digo Penal, actualmente en estudio en la Comisi\u00f3n de Pol\u00edtica Interior. Tambi\u00e9n convinieron en ampliar el lenguaje de la Ley Resorte para incluir a los medios comunitarios y alternativos, que actualmente no est\u00e1n contemplados.\u00a0<\/span><\/p><p><span style=\"font-weight: 400;\">Seg\u00fan surge de declaraciones del presidente de la Comisi\u00f3n de Medios, Juan Carlos Alem\u00e1n, la propuesta de reforma de la Ley Resorte podr\u00eda llegar al pleno de la Asamblea en mayo, para su tratamiento en conjunto con el proyecto de ley del ciberespacio. A la fecha, no se pudo confirmar que dicho proyecto haya ingresado a la Asamblea. <\/span><\/p><\/div><\/div><\/div><\/section><section id=\"nota-10\" class=\"s-about-gray\"><div class=\"row section-header aos-init aos-animate\" data-aos=\"fade-up\"><div class=\"col-full\">\u00a0<\/div><\/div><\/section><\/div>\n\t\t\t\t<\/div>\n\t\t\t\t<\/div>\n\t\t\t\t\t\t<\/div>\n\t\t\t<\/div>\n\t\t<\/div>\n\t\t\t\t\t\t<\/div>\n\t\t\t<\/div>\n\t\t<\/section>\n\t\t\t\t<section class=\"elementor-element elementor-element-5ba5abdc elementor-section-boxed elementor-section-height-default elementor-section-height-default elementor-section elementor-top-section\" data-id=\"5ba5abdc\" data-element_type=\"section\">\n\t\t\t\t\t\t<div class=\"elementor-container elementor-column-gap-default\">\n\t\t\t\t<div class=\"elementor-row\">\n\t\t\t\t<div class=\"elementor-element elementor-element-656821e5 elementor-column elementor-col-100 elementor-top-column\" data-id=\"656821e5\" data-element_type=\"column\">\n\t\t\t<div class=\"elementor-column-wrap\">\n\t\t\t\t\t<div class=\"elementor-widget-wrap\">\n\t\t\t\t\t\t<\/div>\n\t\t\t<\/div>\n\t\t<\/div>\n\t\t\t\t\t\t<\/div>\n\t\t\t<\/div>\n\t\t<\/section>\n\t\t\t\t\t\t<\/div>\n\t\t\t<\/div>\n\t\t<\/div>\n\t\t","protected":false},"excerpt":{"rendered":"<p>Venezuela Impacto | Negativo Probabilidad | Alta Rating Civicus | Reprimido El ministro de Comunicaci\u00f3n, Freddy \u00d1a\u00f1ez, anunci\u00f3 que el gobierno presentar\u00e1 a la Asamblea Nacional un proyecto de ley para regular las redes sociales. Las declaraciones se produjeron pocos d\u00edas despu\u00e9s de que Facebook suspendiera temporalmente la cuenta de Nicol\u00e1s Maduro por recomendar el [&hellip;]<\/p>\n","protected":false},"author":1,"featured_media":6964,"comment_status":"open","ping_status":"open","sticky":false,"template":"","format":"standard","meta":{"_monsterinsights_skip_tracking":false,"_monsterinsights_sitenote_active":false,"_monsterinsights_sitenote_note":"","_monsterinsights_sitenote_category":0,"footnotes":""},"categories":[182,108],"tags":[68],"class_list":["post-6963","post","type-post","status-publish","format-standard","has-post-thumbnail","hentry","category-17-es","category-venezuela-es","tag-libertad-de-expresion"],"wps_subtitle":"","_links":{"self":[{"href":"https:\/\/civicspaceguardian.directoriolegislativo.org\/index.php\/wp-json\/wp\/v2\/posts\/6963"}],"collection":[{"href":"https:\/\/civicspaceguardian.directoriolegislativo.org\/index.php\/wp-json\/wp\/v2\/posts"}],"about":[{"href":"https:\/\/civicspaceguardian.directoriolegislativo.org\/index.php\/wp-json\/wp\/v2\/types\/post"}],"author":[{"embeddable":true,"href":"https:\/\/civicspaceguardian.directoriolegislativo.org\/index.php\/wp-json\/wp\/v2\/users\/1"}],"replies":[{"embeddable":true,"href":"https:\/\/civicspaceguardian.directoriolegislativo.org\/index.php\/wp-json\/wp\/v2\/comments?post=6963"}],"version-history":[{"count":2,"href":"https:\/\/civicspaceguardian.directoriolegislativo.org\/index.php\/wp-json\/wp\/v2\/posts\/6963\/revisions"}],"predecessor-version":[{"id":6966,"href":"https:\/\/civicspaceguardian.directoriolegislativo.org\/index.php\/wp-json\/wp\/v2\/posts\/6963\/revisions\/6966"}],"wp:featuredmedia":[{"embeddable":true,"href":"https:\/\/civicspaceguardian.directoriolegislativo.org\/index.php\/wp-json\/wp\/v2\/media\/6964"}],"wp:attachment":[{"href":"https:\/\/civicspaceguardian.directoriolegislativo.org\/index.php\/wp-json\/wp\/v2\/media?parent=6963"}],"wp:term":[{"taxonomy":"category","embeddable":true,"href":"https:\/\/civicspaceguardian.directoriolegislativo.org\/index.php\/wp-json\/wp\/v2\/categories?post=6963"},{"taxonomy":"post_tag","embeddable":true,"href":"https:\/\/civicspaceguardian.directoriolegislativo.org\/index.php\/wp-json\/wp\/v2\/tags?post=6963"}],"curies":[{"name":"wp","href":"https:\/\/api.w.org\/{rel}","templated":true}]}}