{"id":6537,"date":"2020-10-26T18:09:10","date_gmt":"2020-10-26T18:09:10","guid":{"rendered":"https:\/\/civicspaceguardian.directoriolegislativo.org\/?p=6537"},"modified":"2020-10-26T18:13:15","modified_gmt":"2020-10-26T18:13:15","slug":"bancada-oficialista-presenta-un-proyecto-para-penar-con-cadena-perpetua-los-crimenes-de-odio","status":"publish","type":"post","link":"https:\/\/civicspaceguardian.directoriolegislativo.org\/index.php\/2020\/10\/26\/bancada-oficialista-presenta-un-proyecto-para-penar-con-cadena-perpetua-los-crimenes-de-odio\/","title":{"rendered":"Bancada oficialista presenta un proyecto para penar con cadena perpetua los cr\u00edmenes de odio"},"content":{"rendered":"\t\t<div data-elementor-type=\"wp-post\" data-elementor-id=\"6537\" class=\"elementor elementor-6537\" data-elementor-settings=\"[]\">\n\t\t\t<div class=\"elementor-inner\">\n\t\t\t\t<div class=\"elementor-section-wrap\">\n\t\t\t\t\t\t\t<section class=\"elementor-element elementor-element-6f9e9be pos-absolute elementor-section-boxed elementor-section-height-default elementor-section-height-default elementor-section elementor-top-section\" data-id=\"6f9e9be\" data-element_type=\"section\">\n\t\t\t\t\t\t<div class=\"elementor-container elementor-column-gap-default\">\n\t\t\t\t<div class=\"elementor-row\">\n\t\t\t\t<div class=\"elementor-element elementor-element-3bf06ded pos-child elementor-column elementor-col-50 elementor-top-column\" data-id=\"3bf06ded\" data-element_type=\"column\">\n\t\t\t<div class=\"elementor-column-wrap  elementor-element-populated\">\n\t\t\t\t\t<div class=\"elementor-widget-wrap\">\n\t\t\t\t<div class=\"elementor-element elementor-element-3a1dddc9 elementor-widget elementor-widget-image\" data-id=\"3a1dddc9\" data-element_type=\"widget\" data-widget_type=\"image.default\">\n\t\t\t\t<div class=\"elementor-widget-container\">\n\t\t\t\t\t<div class=\"elementor-image\">\n\t\t\t\t\t\t\t\t\t\t<img loading=\"lazy\" decoding=\"async\" width=\"512\" height=\"512\" src=\"https:\/\/civicspaceguardian.directoriolegislativo.org\/wp-content\/uploads\/2020\/07\/nicaragua.png\" class=\"attachment-large size-large\" alt=\"\" srcset=\"https:\/\/civicspaceguardian.directoriolegislativo.org\/wp-content\/uploads\/2020\/07\/nicaragua.png 512w, https:\/\/civicspaceguardian.directoriolegislativo.org\/wp-content\/uploads\/2020\/07\/nicaragua-300x300.png 300w, https:\/\/civicspaceguardian.directoriolegislativo.org\/wp-content\/uploads\/2020\/07\/nicaragua-150x150.png 150w, https:\/\/civicspaceguardian.directoriolegislativo.org\/wp-content\/uploads\/2020\/07\/nicaragua-100x100.png 100w\" sizes=\"(max-width: 512px) 100vw, 512px\" \/>\t\t\t\t\t\t\t\t\t\t\t<\/div>\n\t\t\t\t<\/div>\n\t\t\t\t<\/div>\n\t\t\t\t\t\t<\/div>\n\t\t\t<\/div>\n\t\t<\/div>\n\t\t\t\t<div class=\"elementor-element elementor-element-3754a10e elementor-column elementor-col-50 elementor-top-column\" data-id=\"3754a10e\" data-element_type=\"column\">\n\t\t\t<div class=\"elementor-column-wrap  elementor-element-populated\">\n\t\t\t\t\t<div class=\"elementor-widget-wrap\">\n\t\t\t\t<div class=\"elementor-element elementor-element-5d0d0ca5 elementor-widget elementor-widget-heading\" data-id=\"5d0d0ca5\" data-element_type=\"widget\" data-widget_type=\"heading.default\">\n\t\t\t\t<div class=\"elementor-widget-container\">\n\t\t\t<h2 class=\"elementor-heading-title elementor-size-default\">Nicaragua<\/h2>\t\t<\/div>\n\t\t\t\t<\/div>\n\t\t\t\t\t\t<\/div>\n\t\t\t<\/div>\n\t\t<\/div>\n\t\t\t\t\t\t<\/div>\n\t\t\t<\/div>\n\t\t<\/section>\n\t\t\t\t<section class=\"elementor-element elementor-element-5ad3e878 elementor-section-boxed elementor-section-height-default elementor-section-height-default elementor-section elementor-top-section\" data-id=\"5ad3e878\" data-element_type=\"section\">\n\t\t\t\t\t\t<div class=\"elementor-container elementor-column-gap-default\">\n\t\t\t\t<div class=\"elementor-row\">\n\t\t\t\t<div class=\"elementor-element elementor-element-db94644 d-none elementor-column elementor-col-25 elementor-top-column\" data-id=\"db94644\" data-element_type=\"column\" data-settings=\"{&quot;background_background&quot;:&quot;classic&quot;}\">\n\t\t\t<div class=\"elementor-column-wrap  elementor-element-populated\">\n\t\t\t\t\t\t\t<div class=\"elementor-background-overlay\"><\/div>\n\t\t\t\t\t<div class=\"elementor-widget-wrap\">\n\t\t\t\t<div class=\"elementor-element elementor-element-761cece2 elementor-widget elementor-widget-heading\" data-id=\"761cece2\" data-element_type=\"widget\" data-widget_type=\"heading.default\">\n\t\t\t\t<div class=\"elementor-widget-container\">\n\t\t\t<h2 class=\"elementor-heading-title elementor-size-default\"><b>Impacto<\/b> | Negativo<\/h2>\t\t<\/div>\n\t\t\t\t<\/div>\n\t\t\t\t\t\t<\/div>\n\t\t\t<\/div>\n\t\t<\/div>\n\t\t\t\t<div class=\"elementor-element elementor-element-dbb069f d-none elementor-column elementor-col-25 elementor-top-column\" data-id=\"dbb069f\" data-element_type=\"column\" data-settings=\"{&quot;background_background&quot;:&quot;classic&quot;}\">\n\t\t\t<div class=\"elementor-column-wrap  elementor-element-populated\">\n\t\t\t\t\t\t\t<div class=\"elementor-background-overlay\"><\/div>\n\t\t\t\t\t<div class=\"elementor-widget-wrap\">\n\t\t\t\t<div class=\"elementor-element elementor-element-cc8df6e elementor-widget elementor-widget-heading\" data-id=\"cc8df6e\" data-element_type=\"widget\" data-widget_type=\"heading.default\">\n\t\t\t\t<div class=\"elementor-widget-container\">\n\t\t\t<h2 class=\"elementor-heading-title elementor-size-default\"><b>Probabilidad<\/b> | Alta<\/h2>\t\t<\/div>\n\t\t\t\t<\/div>\n\t\t\t\t\t\t<\/div>\n\t\t\t<\/div>\n\t\t<\/div>\n\t\t\t\t<div class=\"elementor-element elementor-element-e6ee663 d-none elementor-column elementor-col-25 elementor-top-column\" data-id=\"e6ee663\" data-element_type=\"column\" data-settings=\"{&quot;background_background&quot;:&quot;classic&quot;}\">\n\t\t\t<div class=\"elementor-column-wrap  elementor-element-populated\">\n\t\t\t\t\t\t\t<div class=\"elementor-background-overlay\"><\/div>\n\t\t\t\t\t<div class=\"elementor-widget-wrap\">\n\t\t\t\t<div class=\"elementor-element elementor-element-5339e90 elementor-widget elementor-widget-heading\" data-id=\"5339e90\" data-element_type=\"widget\" data-widget_type=\"heading.default\">\n\t\t\t\t<div class=\"elementor-widget-container\">\n\t\t\t<h2 class=\"elementor-heading-title elementor-size-default\"><b>Rating Civicus<\/b> | Reprimido<\/h2>\t\t<\/div>\n\t\t\t\t<\/div>\n\t\t\t\t\t\t<\/div>\n\t\t\t<\/div>\n\t\t<\/div>\n\t\t\t\t<div class=\"elementor-element elementor-element-43ffa5d6 elementor-column elementor-col-25 elementor-top-column\" data-id=\"43ffa5d6\" data-element_type=\"column\">\n\t\t\t<div class=\"elementor-column-wrap\">\n\t\t\t\t\t<div class=\"elementor-widget-wrap\">\n\t\t\t\t\t\t<\/div>\n\t\t\t<\/div>\n\t\t<\/div>\n\t\t\t\t\t\t<\/div>\n\t\t\t<\/div>\n\t\t<\/section>\n\t\t\t\t<section class=\"elementor-element elementor-element-418449d0 elementor-section-boxed elementor-section-height-default elementor-section-height-default elementor-section elementor-top-section\" data-id=\"418449d0\" data-element_type=\"section\">\n\t\t\t\t\t\t<div class=\"elementor-container elementor-column-gap-default\">\n\t\t\t\t<div class=\"elementor-row\">\n\t\t\t\t<div class=\"elementor-element elementor-element-46b31f23 d-none-2 elementor-column elementor-col-100 elementor-top-column\" data-id=\"46b31f23\" data-element_type=\"column\">\n\t\t\t<div class=\"elementor-column-wrap  elementor-element-populated\">\n\t\t\t\t\t<div class=\"elementor-widget-wrap\">\n\t\t\t\t<div class=\"elementor-element elementor-element-5860750e elementor-widget elementor-widget-text-editor\" data-id=\"5860750e\" data-element_type=\"widget\" data-widget_type=\"text-editor.default\">\n\t\t\t\t<div class=\"elementor-widget-container\">\n\t\t\t\t\t<div class=\"elementor-text-editor elementor-clearfix\"><section id=\"nota-9\" class=\"s-about\"><div class=\"row\"><div class=\"block-1-2 block-tab-full\"><div class=\"col-block lead center-text-elacult aos-init aos-animate\" data-aos=\"fade-up\"><p><span style=\"font-weight: 400;\">El 22 de octubre, los legisladores que integran el Frente Sandinista de Liberaci\u00f3n Nacional (FSLN) presentaron un <\/span><b>proyecto de reforma constitucional para penar con cadena perpetua a quienes comentan \u201ccr\u00edmenes de odio\u201d<\/b><span style=\"font-weight: 400;\">. El tema ven\u00eda siendo impulsado por el presidente Daniel Ortega desde mediados de septiembre, tras un resonado caso de violencia de g\u00e9nero. Inclusive hab\u00eda instado a la Corte Suprema de Justicia a redactar el proyecto.\u00a0<\/span><\/p><p><span style=\"font-weight: 400;\">En la actualidad, la pena m\u00e1xima establecida por la <\/span><a href=\"http:\/\/alertas.directoriolegislativo.org\/wp-content\/uploads\/2020\/10\/Constitucion-Politica-2014.pdf\"><span style=\"font-weight: 400;\">Constituci\u00f3n Nacional<\/span><\/a><span style=\"font-weight: 400;\"> es de 30 a\u00f1os. Por tratarse de una reforma constitucional, el proyecto deber\u00e1 cumplir dos instancias: primero la aprobaci\u00f3n del cambio en el texto constitucional y luego la modificaci\u00f3n del <\/span><a href=\"http:\/\/alertas.directoriolegislativo.org\/wp-content\/uploads\/2020\/09\/mesicic3_nic_codigo_penal.pdf\"><span style=\"font-weight: 400;\">C\u00f3digo Penal<\/span><\/a><span style=\"font-weight: 400;\">.\u00a0<\/span><\/p><p><span style=\"font-weight: 400;\">Tanto especialistas en derecho penal como representantes de la oposici\u00f3n temen que, de prosperar, <\/span><b>el gobierno pueda ampararse en la figura del crimen del odio para limitar la libertad de expresi\u00f3n y el derecho a la protesta<\/b><span style=\"font-weight: 400;\">. El C\u00f3digo Penal vigente no tipifica los cr\u00edmenes de odio pero considera a la discriminaci\u00f3n ideol\u00f3gica o pol\u00edtica como circunstancia que agrava la responsabilidad penal. Es probable que el estudio del proyecto se inicie en la \u00faltima semana de octubre.\u00a0<\/span><\/p><\/div><\/div><\/div><\/section><section id=\"nota-10\" class=\"s-about-gray\"><div class=\"row section-header aos-init aos-animate\" data-aos=\"fade-up\"><div class=\"col-full\">\u00a0<\/div><\/div><\/section><\/div>\n\t\t\t\t<\/div>\n\t\t\t\t<\/div>\n\t\t\t\t\t\t<\/div>\n\t\t\t<\/div>\n\t\t<\/div>\n\t\t\t\t\t\t<\/div>\n\t\t\t<\/div>\n\t\t<\/section>\n\t\t\t\t\t\t<\/div>\n\t\t\t<\/div>\n\t\t<\/div>\n\t\t","protected":false},"excerpt":{"rendered":"<p>Nicaragua Impacto | Negativo Probabilidad | Alta Rating Civicus | Reprimido El 22 de octubre, los legisladores que integran el Frente Sandinista de Liberaci\u00f3n Nacional (FSLN) presentaron un proyecto de reforma constitucional para penar con cadena perpetua a quienes comentan \u201ccr\u00edmenes de odio\u201d. El tema ven\u00eda siendo impulsado por el presidente Daniel Ortega desde mediados [&hellip;]<\/p>\n","protected":false},"author":1,"featured_media":6538,"comment_status":"open","ping_status":"open","sticky":false,"template":"","format":"standard","meta":{"_monsterinsights_skip_tracking":false,"_monsterinsights_sitenote_active":false,"_monsterinsights_sitenote_note":"","_monsterinsights_sitenote_category":0,"footnotes":""},"categories":[170,151],"tags":[68],"class_list":["post-6537","post","type-post","status-publish","format-standard","has-post-thumbnail","hentry","category-11-es","category-nicaragua-es","tag-libertad-de-expresion"],"wps_subtitle":"","_links":{"self":[{"href":"https:\/\/civicspaceguardian.directoriolegislativo.org\/index.php\/wp-json\/wp\/v2\/posts\/6537"}],"collection":[{"href":"https:\/\/civicspaceguardian.directoriolegislativo.org\/index.php\/wp-json\/wp\/v2\/posts"}],"about":[{"href":"https:\/\/civicspaceguardian.directoriolegislativo.org\/index.php\/wp-json\/wp\/v2\/types\/post"}],"author":[{"embeddable":true,"href":"https:\/\/civicspaceguardian.directoriolegislativo.org\/index.php\/wp-json\/wp\/v2\/users\/1"}],"replies":[{"embeddable":true,"href":"https:\/\/civicspaceguardian.directoriolegislativo.org\/index.php\/wp-json\/wp\/v2\/comments?post=6537"}],"version-history":[{"count":2,"href":"https:\/\/civicspaceguardian.directoriolegislativo.org\/index.php\/wp-json\/wp\/v2\/posts\/6537\/revisions"}],"predecessor-version":[{"id":6540,"href":"https:\/\/civicspaceguardian.directoriolegislativo.org\/index.php\/wp-json\/wp\/v2\/posts\/6537\/revisions\/6540"}],"wp:featuredmedia":[{"embeddable":true,"href":"https:\/\/civicspaceguardian.directoriolegislativo.org\/index.php\/wp-json\/wp\/v2\/media\/6538"}],"wp:attachment":[{"href":"https:\/\/civicspaceguardian.directoriolegislativo.org\/index.php\/wp-json\/wp\/v2\/media?parent=6537"}],"wp:term":[{"taxonomy":"category","embeddable":true,"href":"https:\/\/civicspaceguardian.directoriolegislativo.org\/index.php\/wp-json\/wp\/v2\/categories?post=6537"},{"taxonomy":"post_tag","embeddable":true,"href":"https:\/\/civicspaceguardian.directoriolegislativo.org\/index.php\/wp-json\/wp\/v2\/tags?post=6537"}],"curies":[{"name":"wp","href":"https:\/\/api.w.org\/{rel}","templated":true}]}}