{"id":6488,"date":"2020-10-26T15:16:35","date_gmt":"2020-10-26T15:16:35","guid":{"rendered":"https:\/\/civicspaceguardian.directoriolegislativo.org\/?p=6488"},"modified":"2020-10-26T15:20:06","modified_gmt":"2020-10-26T15:20:06","slug":"un-nuevo-medio-de-comunicacion-oficial-sin-fiscalizacion-ni-auditoria-publica","status":"publish","type":"post","link":"https:\/\/civicspaceguardian.directoriolegislativo.org\/index.php\/2020\/10\/26\/un-nuevo-medio-de-comunicacion-oficial-sin-fiscalizacion-ni-auditoria-publica\/","title":{"rendered":"Un nuevo medio de comunicaci\u00f3n oficial, sin fiscalizaci\u00f3n ni auditor\u00eda p\u00fablica"},"content":{"rendered":"\t\t<div data-elementor-type=\"wp-post\" data-elementor-id=\"6488\" class=\"elementor elementor-6488\" data-elementor-settings=\"[]\">\n\t\t\t<div class=\"elementor-inner\">\n\t\t\t\t<div class=\"elementor-section-wrap\">\n\t\t\t\t\t\t\t<section class=\"elementor-element elementor-element-73046293 pos-absolute elementor-section-boxed elementor-section-height-default elementor-section-height-default elementor-section elementor-top-section\" data-id=\"73046293\" data-element_type=\"section\">\n\t\t\t\t\t\t<div class=\"elementor-container elementor-column-gap-default\">\n\t\t\t\t<div class=\"elementor-row\">\n\t\t\t\t<div class=\"elementor-element elementor-element-1aee89ce pos-child elementor-column elementor-col-50 elementor-top-column\" data-id=\"1aee89ce\" data-element_type=\"column\">\n\t\t\t<div class=\"elementor-column-wrap  elementor-element-populated\">\n\t\t\t\t\t<div class=\"elementor-widget-wrap\">\n\t\t\t\t<div class=\"elementor-element elementor-element-22d6954 elementor-widget elementor-widget-image\" data-id=\"22d6954\" data-element_type=\"widget\" data-widget_type=\"image.default\">\n\t\t\t\t<div class=\"elementor-widget-container\">\n\t\t\t\t\t<div class=\"elementor-image\">\n\t\t\t\t\t\t\t\t\t\t<img loading=\"lazy\" decoding=\"async\" width=\"512\" height=\"512\" src=\"https:\/\/civicspaceguardian.directoriolegislativo.org\/wp-content\/uploads\/2020\/07\/salvador.png\" class=\"attachment-large size-large\" alt=\"\" srcset=\"https:\/\/civicspaceguardian.directoriolegislativo.org\/wp-content\/uploads\/2020\/07\/salvador.png 512w, https:\/\/civicspaceguardian.directoriolegislativo.org\/wp-content\/uploads\/2020\/07\/salvador-300x300.png 300w, https:\/\/civicspaceguardian.directoriolegislativo.org\/wp-content\/uploads\/2020\/07\/salvador-150x150.png 150w, https:\/\/civicspaceguardian.directoriolegislativo.org\/wp-content\/uploads\/2020\/07\/salvador-100x100.png 100w\" sizes=\"(max-width: 512px) 100vw, 512px\" \/>\t\t\t\t\t\t\t\t\t\t\t<\/div>\n\t\t\t\t<\/div>\n\t\t\t\t<\/div>\n\t\t\t\t\t\t<\/div>\n\t\t\t<\/div>\n\t\t<\/div>\n\t\t\t\t<div class=\"elementor-element elementor-element-3754687c elementor-column elementor-col-50 elementor-top-column\" data-id=\"3754687c\" data-element_type=\"column\">\n\t\t\t<div class=\"elementor-column-wrap  elementor-element-populated\">\n\t\t\t\t\t<div class=\"elementor-widget-wrap\">\n\t\t\t\t<div class=\"elementor-element elementor-element-6aa85d68 elementor-widget elementor-widget-heading\" data-id=\"6aa85d68\" data-element_type=\"widget\" data-widget_type=\"heading.default\">\n\t\t\t\t<div class=\"elementor-widget-container\">\n\t\t\t<h2 class=\"elementor-heading-title elementor-size-default\">El Salvador<\/h2>\t\t<\/div>\n\t\t\t\t<\/div>\n\t\t\t\t\t\t<\/div>\n\t\t\t<\/div>\n\t\t<\/div>\n\t\t\t\t\t\t<\/div>\n\t\t\t<\/div>\n\t\t<\/section>\n\t\t\t\t<section class=\"elementor-element elementor-element-acea510 elementor-section-boxed elementor-section-height-default elementor-section-height-default elementor-section elementor-top-section\" data-id=\"acea510\" data-element_type=\"section\">\n\t\t\t\t\t\t<div class=\"elementor-container elementor-column-gap-default\">\n\t\t\t\t<div class=\"elementor-row\">\n\t\t\t\t<div class=\"elementor-element elementor-element-15e1d1f9 d-none elementor-column elementor-col-33 elementor-top-column\" data-id=\"15e1d1f9\" data-element_type=\"column\" data-settings=\"{&quot;background_background&quot;:&quot;classic&quot;}\">\n\t\t\t<div class=\"elementor-column-wrap  elementor-element-populated\">\n\t\t\t\t\t\t\t<div class=\"elementor-background-overlay\"><\/div>\n\t\t\t\t\t<div class=\"elementor-widget-wrap\">\n\t\t\t\t<div class=\"elementor-element elementor-element-1a6417be elementor-widget elementor-widget-heading\" data-id=\"1a6417be\" data-element_type=\"widget\" data-widget_type=\"heading.default\">\n\t\t\t\t<div class=\"elementor-widget-container\">\n\t\t\t<h2 class=\"elementor-heading-title elementor-size-default\"><b>Impacto<\/b> | Negativo<\/h2>\t\t<\/div>\n\t\t\t\t<\/div>\n\t\t\t\t\t\t<\/div>\n\t\t\t<\/div>\n\t\t<\/div>\n\t\t\t\t<div class=\"elementor-element elementor-element-bdf335d d-none elementor-column elementor-col-33 elementor-top-column\" data-id=\"bdf335d\" data-element_type=\"column\" data-settings=\"{&quot;background_background&quot;:&quot;classic&quot;}\">\n\t\t\t<div class=\"elementor-column-wrap  elementor-element-populated\">\n\t\t\t\t\t\t\t<div class=\"elementor-background-overlay\"><\/div>\n\t\t\t\t\t<div class=\"elementor-widget-wrap\">\n\t\t\t\t<div class=\"elementor-element elementor-element-fec607b elementor-widget elementor-widget-heading\" data-id=\"fec607b\" data-element_type=\"widget\" data-widget_type=\"heading.default\">\n\t\t\t\t<div class=\"elementor-widget-container\">\n\t\t\t<h2 class=\"elementor-heading-title elementor-size-default\"><b>Rating Civicus<\/b> | Obstruido<\/h2>\t\t<\/div>\n\t\t\t\t<\/div>\n\t\t\t\t\t\t<\/div>\n\t\t\t<\/div>\n\t\t<\/div>\n\t\t\t\t<div class=\"elementor-element elementor-element-26b37c24 elementor-column elementor-col-33 elementor-top-column\" data-id=\"26b37c24\" data-element_type=\"column\">\n\t\t\t<div class=\"elementor-column-wrap\">\n\t\t\t\t\t<div class=\"elementor-widget-wrap\">\n\t\t\t\t\t\t<\/div>\n\t\t\t<\/div>\n\t\t<\/div>\n\t\t\t\t\t\t<\/div>\n\t\t\t<\/div>\n\t\t<\/section>\n\t\t\t\t<section class=\"elementor-element elementor-element-4cb3beae elementor-section-boxed elementor-section-height-default elementor-section-height-default elementor-section elementor-top-section\" data-id=\"4cb3beae\" data-element_type=\"section\">\n\t\t\t\t\t\t<div class=\"elementor-container elementor-column-gap-default\">\n\t\t\t\t<div class=\"elementor-row\">\n\t\t\t\t<div class=\"elementor-element elementor-element-3efcb01b d-none-2 elementor-column elementor-col-100 elementor-top-column\" data-id=\"3efcb01b\" data-element_type=\"column\">\n\t\t\t<div class=\"elementor-column-wrap  elementor-element-populated\">\n\t\t\t\t\t<div class=\"elementor-widget-wrap\">\n\t\t\t\t<div class=\"elementor-element elementor-element-1b7285db elementor-widget elementor-widget-text-editor\" data-id=\"1b7285db\" data-element_type=\"widget\" data-widget_type=\"text-editor.default\">\n\t\t\t\t<div class=\"elementor-widget-container\">\n\t\t\t\t\t<div class=\"elementor-text-editor elementor-clearfix\"><section id=\"nota-9\" class=\"s-about\"><div class=\"row\"><div class=\"block-1-2 block-tab-full\"><div class=\"col-block lead center-text-elacult aos-init aos-animate\" data-aos=\"fade-up\"><p><span style=\"font-weight: 400;\">El presidente Nayib Bukele anunci\u00f3 el 19 de octubre el lanzamiento del <\/span><a href=\"https:\/\/diarioelsalvador.com\/2020\/10\/18\/conoce-el-otro-lado-de-la-noticia\/\"><span style=\"font-weight: 400;\">Diario El Salvador<\/span><\/a><span style=\"font-weight: 400;\">. El nuevo medio oficial fue presentado como la alternativa para \u201cconocer el otro lado de la historia\u201d y \u201cproveer informaci\u00f3n de una forma veraz\u201d. <\/span><b>Varios sectores<\/b><span style=\"font-weight: 400;\"> se manifestaron <\/span><b>preocupados por la iniciativa<\/b><span style=\"font-weight: 400;\">.<\/span><\/p><p><span style=\"font-weight: 400;\">Anticip\u00e1ndose a las cr\u00edticas, el presidente Nayib Bukele declar\u00f3 por Twitter que Diario El Salvador \u201cser\u00e1 una empresa propiedad del Estado, generar\u00e1 empleos, pagar\u00e1 impuestos y ser\u00e1 rentable&#8221;. Sin embargo, la Revista Factum, medio local de periodismo de investigaci\u00f3n, inform\u00f3 que se tratar\u00eda en realidad de una sociedad an\u00f3nima constituida en marzo cuyo capital accionario pertenece a dos empresas energ\u00e9ticas. Por esa raz\u00f3n, quedar\u00e1 por fuera del sistema de control y fiscalizaci\u00f3n de la Corte de Cuentas de la Rep\u00fablica. Carlos Palomo, miembro del <\/span><a href=\"http:\/\/www.conexion.sv\/occcr\/\"><b>Observatorio Ciudadano a la Corte de Cuentas<\/b><\/a><span style=\"font-weight: 400;\">, indic\u00f3 que la naturaleza de estas empresas estatales las habilita como<\/span><b> \u201cla opci\u00f3n perfecta para mover dinero sin controles\u201d<\/b><span style=\"font-weight: 400;\">, ya que ni el Tribunal de \u00c9tica Gubernamental ni la Corte de Cuentas pueden fiscalizar el modo en el que se administran los recursos a su interior.<\/span><\/p><p><span style=\"font-weight: 400;\">Por su parte, los <\/span><b>medios de comunicaci\u00f3n locales<\/b><span style=\"font-weight: 400;\"> alegan que se trata de un <\/span><b>intento del oficialismo de publicar propaganda pol\u00edtica<\/b><span style=\"font-weight: 400;\"> detr\u00e1s de una fachada de periodismo independiente. Tambi\u00e9n Pedro Vaca, <\/span><b>Relator Especial para la Libertad de Expresi\u00f3n de la Comisi\u00f3n Interamericana de Derechos Humanos <\/b><span style=\"font-weight: 400;\">(CIDH), expres\u00f3 su preocupaci\u00f3n por el nuevo medio oficial. Al respecto, destac\u00f3 que es necesario poner la mirada en los frenos y contrapesos institucionales que act\u00faan sobre los medios p\u00fablicos \u201cpara <\/span><b>evitar que se conviertan en mecanismos de propaganda patrocinados con recursos de toda la ciudadan\u00eda<\/b><span style=\"font-weight: 400;\">\u201d.\u00a0<\/span><\/p><\/div><\/div><\/div><\/section><section id=\"nota-10\" class=\"s-about-gray\"><div class=\"row section-header aos-init aos-animate\" data-aos=\"fade-up\"><div class=\"col-full\">\u00a0<\/div><\/div><\/section><\/div>\n\t\t\t\t<\/div>\n\t\t\t\t<\/div>\n\t\t\t\t\t\t<\/div>\n\t\t\t<\/div>\n\t\t<\/div>\n\t\t\t\t\t\t<\/div>\n\t\t\t<\/div>\n\t\t<\/section>\n\t\t\t\t\t\t<\/div>\n\t\t\t<\/div>\n\t\t<\/div>\n\t\t","protected":false},"excerpt":{"rendered":"<p>El Salvador Impacto | Negativo Rating Civicus | Obstruido El presidente Nayib Bukele anunci\u00f3 el 19 de octubre el lanzamiento del Diario El Salvador. El nuevo medio oficial fue presentado como la alternativa para \u201cconocer el otro lado de la historia\u201d y \u201cproveer informaci\u00f3n de una forma veraz\u201d. Varios sectores se manifestaron preocupados por la [&hellip;]<\/p>\n","protected":false},"author":1,"featured_media":6489,"comment_status":"open","ping_status":"open","sticky":false,"template":"","format":"standard","meta":{"_monsterinsights_skip_tracking":false,"_monsterinsights_sitenote_active":false,"_monsterinsights_sitenote_note":"","_monsterinsights_sitenote_category":0,"footnotes":""},"categories":[170,148],"tags":[68],"class_list":["post-6488","post","type-post","status-publish","format-standard","has-post-thumbnail","hentry","category-11-es","category-el-salvador-es","tag-libertad-de-expresion"],"wps_subtitle":"","_links":{"self":[{"href":"https:\/\/civicspaceguardian.directoriolegislativo.org\/index.php\/wp-json\/wp\/v2\/posts\/6488"}],"collection":[{"href":"https:\/\/civicspaceguardian.directoriolegislativo.org\/index.php\/wp-json\/wp\/v2\/posts"}],"about":[{"href":"https:\/\/civicspaceguardian.directoriolegislativo.org\/index.php\/wp-json\/wp\/v2\/types\/post"}],"author":[{"embeddable":true,"href":"https:\/\/civicspaceguardian.directoriolegislativo.org\/index.php\/wp-json\/wp\/v2\/users\/1"}],"replies":[{"embeddable":true,"href":"https:\/\/civicspaceguardian.directoriolegislativo.org\/index.php\/wp-json\/wp\/v2\/comments?post=6488"}],"version-history":[{"count":3,"href":"https:\/\/civicspaceguardian.directoriolegislativo.org\/index.php\/wp-json\/wp\/v2\/posts\/6488\/revisions"}],"predecessor-version":[{"id":6492,"href":"https:\/\/civicspaceguardian.directoriolegislativo.org\/index.php\/wp-json\/wp\/v2\/posts\/6488\/revisions\/6492"}],"wp:featuredmedia":[{"embeddable":true,"href":"https:\/\/civicspaceguardian.directoriolegislativo.org\/index.php\/wp-json\/wp\/v2\/media\/6489"}],"wp:attachment":[{"href":"https:\/\/civicspaceguardian.directoriolegislativo.org\/index.php\/wp-json\/wp\/v2\/media?parent=6488"}],"wp:term":[{"taxonomy":"category","embeddable":true,"href":"https:\/\/civicspaceguardian.directoriolegislativo.org\/index.php\/wp-json\/wp\/v2\/categories?post=6488"},{"taxonomy":"post_tag","embeddable":true,"href":"https:\/\/civicspaceguardian.directoriolegislativo.org\/index.php\/wp-json\/wp\/v2\/tags?post=6488"}],"curies":[{"name":"wp","href":"https:\/\/api.w.org\/{rel}","templated":true}]}}