{"id":5889,"date":"2020-08-19T19:33:06","date_gmt":"2020-08-19T19:33:06","guid":{"rendered":"https:\/\/civicspaceguardian.directoriolegislativo.org\/?p=5889"},"modified":"2020-08-20T12:24:27","modified_gmt":"2020-08-20T12:24:27","slug":"la-corte-anulo-un-decreto-por-imponer-medidas-sanitarias-que-suspenden-derechos-fundamentales","status":"publish","type":"post","link":"https:\/\/civicspaceguardian.directoriolegislativo.org\/index.php\/2020\/08\/19\/la-corte-anulo-un-decreto-por-imponer-medidas-sanitarias-que-suspenden-derechos-fundamentales\/","title":{"rendered":"La Corte anul\u00f3 un decreto por imponer medidas sanitarias que suspenden derechos fundamentales"},"content":{"rendered":"\t\t<div data-elementor-type=\"wp-post\" data-elementor-id=\"5889\" class=\"elementor elementor-5889\" data-elementor-settings=\"[]\">\n\t\t\t<div class=\"elementor-inner\">\n\t\t\t\t<div class=\"elementor-section-wrap\">\n\t\t\t\t\t\t\t<section class=\"elementor-element elementor-element-785f6da9 pos-absolute elementor-section-boxed elementor-section-height-default elementor-section-height-default elementor-section elementor-top-section\" data-id=\"785f6da9\" data-element_type=\"section\">\n\t\t\t\t\t\t<div class=\"elementor-container elementor-column-gap-default\">\n\t\t\t\t<div class=\"elementor-row\">\n\t\t\t\t<div class=\"elementor-element elementor-element-4c4851a2 pos-child elementor-column elementor-col-50 elementor-top-column\" data-id=\"4c4851a2\" data-element_type=\"column\">\n\t\t\t<div class=\"elementor-column-wrap  elementor-element-populated\">\n\t\t\t\t\t<div class=\"elementor-widget-wrap\">\n\t\t\t\t<div class=\"elementor-element elementor-element-55148d64 elementor-widget elementor-widget-image\" data-id=\"55148d64\" data-element_type=\"widget\" data-widget_type=\"image.default\">\n\t\t\t\t<div class=\"elementor-widget-container\">\n\t\t\t\t\t<div class=\"elementor-image\">\n\t\t\t\t\t\t\t\t\t\t<img loading=\"lazy\" decoding=\"async\" width=\"512\" height=\"512\" src=\"https:\/\/civicspaceguardian.directoriolegislativo.org\/wp-content\/uploads\/2020\/07\/salvador.png\" class=\"attachment-large size-large\" alt=\"\" srcset=\"https:\/\/civicspaceguardian.directoriolegislativo.org\/wp-content\/uploads\/2020\/07\/salvador.png 512w, https:\/\/civicspaceguardian.directoriolegislativo.org\/wp-content\/uploads\/2020\/07\/salvador-300x300.png 300w, https:\/\/civicspaceguardian.directoriolegislativo.org\/wp-content\/uploads\/2020\/07\/salvador-150x150.png 150w, https:\/\/civicspaceguardian.directoriolegislativo.org\/wp-content\/uploads\/2020\/07\/salvador-100x100.png 100w\" sizes=\"(max-width: 512px) 100vw, 512px\" \/>\t\t\t\t\t\t\t\t\t\t\t<\/div>\n\t\t\t\t<\/div>\n\t\t\t\t<\/div>\n\t\t\t\t\t\t<\/div>\n\t\t\t<\/div>\n\t\t<\/div>\n\t\t\t\t<div class=\"elementor-element elementor-element-6d97ec8d elementor-column elementor-col-50 elementor-top-column\" data-id=\"6d97ec8d\" data-element_type=\"column\">\n\t\t\t<div class=\"elementor-column-wrap  elementor-element-populated\">\n\t\t\t\t\t<div class=\"elementor-widget-wrap\">\n\t\t\t\t<div class=\"elementor-element elementor-element-5908b7d1 elementor-widget elementor-widget-heading\" data-id=\"5908b7d1\" data-element_type=\"widget\" data-widget_type=\"heading.default\">\n\t\t\t\t<div class=\"elementor-widget-container\">\n\t\t\t<h2 class=\"elementor-heading-title elementor-size-default\">El Salvador<\/h2>\t\t<\/div>\n\t\t\t\t<\/div>\n\t\t\t\t\t\t<\/div>\n\t\t\t<\/div>\n\t\t<\/div>\n\t\t\t\t\t\t<\/div>\n\t\t\t<\/div>\n\t\t<\/section>\n\t\t\t\t<section class=\"elementor-element elementor-element-1dd57865 elementor-section-boxed elementor-section-height-default elementor-section-height-default elementor-section elementor-top-section\" data-id=\"1dd57865\" data-element_type=\"section\">\n\t\t\t\t\t\t<div class=\"elementor-container elementor-column-gap-default\">\n\t\t\t\t<div class=\"elementor-row\">\n\t\t\t\t<div class=\"elementor-element elementor-element-63b3d66d d-none elementor-column elementor-col-33 elementor-top-column\" data-id=\"63b3d66d\" data-element_type=\"column\" data-settings=\"{&quot;background_background&quot;:&quot;classic&quot;}\">\n\t\t\t<div class=\"elementor-column-wrap  elementor-element-populated\">\n\t\t\t\t\t\t\t<div class=\"elementor-background-overlay\"><\/div>\n\t\t\t\t\t<div class=\"elementor-widget-wrap\">\n\t\t\t\t<div class=\"elementor-element elementor-element-8c30dff elementor-widget elementor-widget-heading\" data-id=\"8c30dff\" data-element_type=\"widget\" data-widget_type=\"heading.default\">\n\t\t\t\t<div class=\"elementor-widget-container\">\n\t\t\t<h2 class=\"elementor-heading-title elementor-size-default\"><b>Impacto<\/b> | Negativo<\/h2>\t\t<\/div>\n\t\t\t\t<\/div>\n\t\t\t\t\t\t<\/div>\n\t\t\t<\/div>\n\t\t<\/div>\n\t\t\t\t<div class=\"elementor-element elementor-element-42f1959 d-none elementor-column elementor-col-33 elementor-top-column\" data-id=\"42f1959\" data-element_type=\"column\" data-settings=\"{&quot;background_background&quot;:&quot;classic&quot;}\">\n\t\t\t<div class=\"elementor-column-wrap  elementor-element-populated\">\n\t\t\t\t\t\t\t<div class=\"elementor-background-overlay\"><\/div>\n\t\t\t\t\t<div class=\"elementor-widget-wrap\">\n\t\t\t\t<div class=\"elementor-element elementor-element-f61d23e elementor-widget elementor-widget-heading\" data-id=\"f61d23e\" data-element_type=\"widget\" data-widget_type=\"heading.default\">\n\t\t\t\t<div class=\"elementor-widget-container\">\n\t\t\t<h2 class=\"elementor-heading-title elementor-size-default\"><b>Rating Civicus<\/b> | Obstruido<\/h2>\t\t<\/div>\n\t\t\t\t<\/div>\n\t\t\t\t\t\t<\/div>\n\t\t\t<\/div>\n\t\t<\/div>\n\t\t\t\t<div class=\"elementor-element elementor-element-133f1d6d elementor-column elementor-col-33 elementor-top-column\" data-id=\"133f1d6d\" data-element_type=\"column\">\n\t\t\t<div class=\"elementor-column-wrap  elementor-element-populated\">\n\t\t\t\t\t<div class=\"elementor-widget-wrap\">\n\t\t\t\t\t\t<\/div>\n\t\t\t<\/div>\n\t\t<\/div>\n\t\t\t\t\t\t<\/div>\n\t\t\t<\/div>\n\t\t<\/section>\n\t\t\t\t<section class=\"elementor-element elementor-element-786217d4 elementor-section-boxed elementor-section-height-default elementor-section-height-default elementor-section elementor-top-section\" data-id=\"786217d4\" data-element_type=\"section\">\n\t\t\t\t\t\t<div class=\"elementor-container elementor-column-gap-default\">\n\t\t\t\t<div class=\"elementor-row\">\n\t\t\t\t<div class=\"elementor-element elementor-element-66bbfea5 d-none-2 elementor-column elementor-col-100 elementor-top-column\" data-id=\"66bbfea5\" data-element_type=\"column\">\n\t\t\t<div class=\"elementor-column-wrap  elementor-element-populated\">\n\t\t\t\t\t<div class=\"elementor-widget-wrap\">\n\t\t\t\t<div class=\"elementor-element elementor-element-10d82e17 elementor-widget elementor-widget-text-editor\" data-id=\"10d82e17\" data-element_type=\"widget\" data-widget_type=\"text-editor.default\">\n\t\t\t\t<div class=\"elementor-widget-container\">\n\t\t\t\t\t<div class=\"elementor-text-editor elementor-clearfix\"><section id=\"nota-9\" class=\"s-about\"><div class=\"row\"><div class=\"block-1-2 block-tab-full\"><div class=\"col-block lead center-text-elacult aos-init aos-animate\" data-aos=\"fade-up\"><p><span style=\"font-weight: 400;\">La Corte Suprema volvi\u00f3 a pronunciarse sobre las medidas de gobierno que restringen los derechos de la ciudadan\u00eda en el contexto de la pandemia, argumentando que cualquier suspensi\u00f3n o limitaci\u00f3n de derechos es una facultad de la Asamblea Legislativa. Lo hizo a trav\u00e9s de la <\/span><a href=\"https:\/\/alertas.directoriolegislativo.org\/wp-content\/uploads\/2020\/08\/fallosalaconstitucional-1.pdf\"><span style=\"font-weight: 400;\">anulaci\u00f3n<\/span><\/a><span style=\"font-weight: 400;\"> del <\/span><a href=\"https:\/\/alertas.directoriolegislativo.org\/wp-content\/uploads\/2020\/07\/decreto32.pdf\"><span style=\"font-weight: 400;\">Decreto 32<\/span><\/a><span style=\"font-weight: 400;\"> del 29 de julio que defin\u00eda un plan en fases para la reapertura econ\u00f3mica y defin\u00eda protocolos sanitarios con restricciones a la circulaci\u00f3n y el derecho de reuni\u00f3n. En su voto particular, el juez Aldo C\u00e1mer Camillot present\u00f3 ejemplos hipot\u00e9ticos para mostrar la diferencia entre regular, suspender o limitar un derecho. El m\u00e1ximo tribunal tambi\u00e9n declar\u00f3 que los decretos ejecutivos que tengan esta naturaleza son inconstitucionales y, por ende, carecen de peso jur\u00eddico. Pese a la anulaci\u00f3n, la norma en cuesti\u00f3n estar\u00e1 vigente hasta el 24 de agosto, de forma tal que gobierno y Asamblea cuenten con un plazo para dialogar sobre la administraci\u00f3n de la cuarentena en el pa\u00eds. No es la primera vez que la Corte apela a un acuerdo entre los dos poderes que, de no concretarse, legalmente supondr\u00eda el levantamiento de las restricciones a la circulaci\u00f3n. Ver noticias anteriores: <\/span><a href=\"http:\/\/directorio.cloud\/csg\/es_8.php\"><span style=\"font-weight: 400;\">CSG 8<\/span><\/a><span style=\"font-weight: 400;\">, <\/span><a href=\"http:\/\/directorio.cloud\/csg\/es_7.php\"><span style=\"font-weight: 400;\">CSG 7<\/span><\/a><span style=\"font-weight: 400;\">, <\/span><a href=\"http:\/\/directorio.cloud\/csg\/es_6.php\"><span style=\"font-weight: 400;\">CSG 6<\/span><\/a><span style=\"font-weight: 400;\">.\u00a0<\/span><\/p><\/div><\/div><\/div><\/section><section id=\"nota-10\" class=\"s-about-gray\"><div class=\"row section-header aos-init aos-animate\" data-aos=\"fade-up\"><div class=\"col-full\">\u00a0<\/div><\/div><\/section><\/div>\n\t\t\t\t<\/div>\n\t\t\t\t<\/div>\n\t\t\t\t\t\t<\/div>\n\t\t\t<\/div>\n\t\t<\/div>\n\t\t\t\t\t\t<\/div>\n\t\t\t<\/div>\n\t\t<\/section>\n\t\t\t\t<section class=\"elementor-element elementor-element-5001fc69 elementor-section-boxed elementor-section-height-default elementor-section-height-default elementor-section elementor-top-section\" data-id=\"5001fc69\" data-element_type=\"section\">\n\t\t\t\t\t\t<div class=\"elementor-container elementor-column-gap-default\">\n\t\t\t\t<div class=\"elementor-row\">\n\t\t\t\t<div class=\"elementor-element elementor-element-2808bc2c elementor-column elementor-col-100 elementor-top-column\" data-id=\"2808bc2c\" data-element_type=\"column\">\n\t\t\t<div class=\"elementor-column-wrap\">\n\t\t\t\t\t<div class=\"elementor-widget-wrap\">\n\t\t\t\t\t\t<\/div>\n\t\t\t<\/div>\n\t\t<\/div>\n\t\t\t\t\t\t<\/div>\n\t\t\t<\/div>\n\t\t<\/section>\n\t\t\t\t\t\t<\/div>\n\t\t\t<\/div>\n\t\t<\/div>\n\t\t","protected":false},"excerpt":{"rendered":"<p>El Salvador Impacto | Negativo Rating Civicus | Obstruido La Corte Suprema volvi\u00f3 a pronunciarse sobre las medidas de gobierno que restringen los derechos de la ciudadan\u00eda en el contexto de la pandemia, argumentando que cualquier suspensi\u00f3n o limitaci\u00f3n de derechos es una facultad de la Asamblea Legislativa. Lo hizo a trav\u00e9s de la anulaci\u00f3n [&hellip;]<\/p>\n","protected":false},"author":1,"featured_media":5927,"comment_status":"open","ping_status":"open","sticky":false,"template":"","format":"standard","meta":{"_monsterinsights_skip_tracking":false,"_monsterinsights_sitenote_active":false,"_monsterinsights_sitenote_note":"","_monsterinsights_sitenote_category":0,"footnotes":""},"categories":[159,148],"tags":[72],"class_list":["post-5889","post","type-post","status-publish","format-standard","has-post-thumbnail","hentry","category-9-es","category-el-salvador-es","tag-libertad-de-reunion"],"wps_subtitle":"","_links":{"self":[{"href":"https:\/\/civicspaceguardian.directoriolegislativo.org\/index.php\/wp-json\/wp\/v2\/posts\/5889"}],"collection":[{"href":"https:\/\/civicspaceguardian.directoriolegislativo.org\/index.php\/wp-json\/wp\/v2\/posts"}],"about":[{"href":"https:\/\/civicspaceguardian.directoriolegislativo.org\/index.php\/wp-json\/wp\/v2\/types\/post"}],"author":[{"embeddable":true,"href":"https:\/\/civicspaceguardian.directoriolegislativo.org\/index.php\/wp-json\/wp\/v2\/users\/1"}],"replies":[{"embeddable":true,"href":"https:\/\/civicspaceguardian.directoriolegislativo.org\/index.php\/wp-json\/wp\/v2\/comments?post=5889"}],"version-history":[{"count":4,"href":"https:\/\/civicspaceguardian.directoriolegislativo.org\/index.php\/wp-json\/wp\/v2\/posts\/5889\/revisions"}],"predecessor-version":[{"id":5929,"href":"https:\/\/civicspaceguardian.directoriolegislativo.org\/index.php\/wp-json\/wp\/v2\/posts\/5889\/revisions\/5929"}],"wp:featuredmedia":[{"embeddable":true,"href":"https:\/\/civicspaceguardian.directoriolegislativo.org\/index.php\/wp-json\/wp\/v2\/media\/5927"}],"wp:attachment":[{"href":"https:\/\/civicspaceguardian.directoriolegislativo.org\/index.php\/wp-json\/wp\/v2\/media?parent=5889"}],"wp:term":[{"taxonomy":"category","embeddable":true,"href":"https:\/\/civicspaceguardian.directoriolegislativo.org\/index.php\/wp-json\/wp\/v2\/categories?post=5889"},{"taxonomy":"post_tag","embeddable":true,"href":"https:\/\/civicspaceguardian.directoriolegislativo.org\/index.php\/wp-json\/wp\/v2\/tags?post=5889"}],"curies":[{"name":"wp","href":"https:\/\/api.w.org\/{rel}","templated":true}]}}