{"id":5648,"date":"2020-03-12T22:37:00","date_gmt":"2020-03-12T22:37:00","guid":{"rendered":"https:\/\/civicspaceguardian.directoriolegislativo.org\/?p=5648"},"modified":"2020-08-20T20:14:06","modified_gmt":"2020-08-20T20:14:06","slug":"un-proyecto-del-oficialismo-promueve-la-autocensura-periodistica-en-casos-de-corrupcion","status":"publish","type":"post","link":"https:\/\/civicspaceguardian.directoriolegislativo.org\/index.php\/2020\/03\/12\/un-proyecto-del-oficialismo-promueve-la-autocensura-periodistica-en-casos-de-corrupcion\/","title":{"rendered":"Un proyecto del oficialismo promueve la autocensura period\u00edstica en casos de corrupci\u00f3n"},"content":{"rendered":"\t\t<div data-elementor-type=\"wp-post\" data-elementor-id=\"5648\" class=\"elementor elementor-5648\" data-elementor-settings=\"[]\">\n\t\t\t<div class=\"elementor-inner\">\n\t\t\t\t<div class=\"elementor-section-wrap\">\n\t\t\t\t\t\t\t<section class=\"elementor-element elementor-element-373fe1ba pos-absolute elementor-section-boxed elementor-section-height-default elementor-section-height-default elementor-section elementor-top-section\" data-id=\"373fe1ba\" data-element_type=\"section\">\n\t\t\t\t\t\t<div class=\"elementor-container elementor-column-gap-default\">\n\t\t\t\t<div class=\"elementor-row\">\n\t\t\t\t<div class=\"elementor-element elementor-element-6e7bde46 pos-child elementor-column elementor-col-50 elementor-top-column\" data-id=\"6e7bde46\" data-element_type=\"column\">\n\t\t\t<div class=\"elementor-column-wrap  elementor-element-populated\">\n\t\t\t\t\t<div class=\"elementor-widget-wrap\">\n\t\t\t\t<div class=\"elementor-element elementor-element-2d410767 elementor-widget elementor-widget-image\" data-id=\"2d410767\" data-element_type=\"widget\" data-widget_type=\"image.default\">\n\t\t\t\t<div class=\"elementor-widget-container\">\n\t\t\t\t\t<div class=\"elementor-image\">\n\t\t\t\t\t\t\t\t\t\t<img loading=\"lazy\" decoding=\"async\" width=\"512\" height=\"512\" src=\"https:\/\/civicspaceguardian.directoriolegislativo.org\/wp-content\/uploads\/2020\/06\/argentina.png\" class=\"attachment-large size-large\" alt=\"\" srcset=\"https:\/\/civicspaceguardian.directoriolegislativo.org\/wp-content\/uploads\/2020\/06\/argentina.png 512w, https:\/\/civicspaceguardian.directoriolegislativo.org\/wp-content\/uploads\/2020\/06\/argentina-300x300.png 300w, https:\/\/civicspaceguardian.directoriolegislativo.org\/wp-content\/uploads\/2020\/06\/argentina-150x150.png 150w, https:\/\/civicspaceguardian.directoriolegislativo.org\/wp-content\/uploads\/2020\/06\/argentina-100x100.png 100w\" sizes=\"(max-width: 512px) 100vw, 512px\" \/>\t\t\t\t\t\t\t\t\t\t\t<\/div>\n\t\t\t\t<\/div>\n\t\t\t\t<\/div>\n\t\t\t\t\t\t<\/div>\n\t\t\t<\/div>\n\t\t<\/div>\n\t\t\t\t<div class=\"elementor-element elementor-element-79601069 elementor-column elementor-col-50 elementor-top-column\" data-id=\"79601069\" data-element_type=\"column\">\n\t\t\t<div class=\"elementor-column-wrap  elementor-element-populated\">\n\t\t\t\t\t<div class=\"elementor-widget-wrap\">\n\t\t\t\t<div class=\"elementor-element elementor-element-17ffeb50 elementor-widget elementor-widget-heading\" data-id=\"17ffeb50\" data-element_type=\"widget\" data-widget_type=\"heading.default\">\n\t\t\t\t<div class=\"elementor-widget-container\">\n\t\t\t<h2 class=\"elementor-heading-title elementor-size-default\">Argentina<\/h2>\t\t<\/div>\n\t\t\t\t<\/div>\n\t\t\t\t\t\t<\/div>\n\t\t\t<\/div>\n\t\t<\/div>\n\t\t\t\t\t\t<\/div>\n\t\t\t<\/div>\n\t\t<\/section>\n\t\t\t\t<section class=\"elementor-element elementor-element-31b0b48b elementor-section-boxed elementor-section-height-default elementor-section-height-default elementor-section elementor-top-section\" data-id=\"31b0b48b\" data-element_type=\"section\">\n\t\t\t\t\t\t<div class=\"elementor-container elementor-column-gap-default\">\n\t\t\t\t<div class=\"elementor-row\">\n\t\t\t\t<div class=\"elementor-element elementor-element-7f056c1f d-none elementor-column elementor-col-25 elementor-top-column\" data-id=\"7f056c1f\" data-element_type=\"column\" data-settings=\"{&quot;background_background&quot;:&quot;classic&quot;}\">\n\t\t\t<div class=\"elementor-column-wrap  elementor-element-populated\">\n\t\t\t\t\t\t\t<div class=\"elementor-background-overlay\"><\/div>\n\t\t\t\t\t<div class=\"elementor-widget-wrap\">\n\t\t\t\t<div class=\"elementor-element elementor-element-63409871 elementor-widget elementor-widget-heading\" data-id=\"63409871\" data-element_type=\"widget\" data-widget_type=\"heading.default\">\n\t\t\t\t<div class=\"elementor-widget-container\">\n\t\t\t<h2 class=\"elementor-heading-title elementor-size-default\"><b>Impacto<\/b> | Negativo<\/h2>\t\t<\/div>\n\t\t\t\t<\/div>\n\t\t\t\t\t\t<\/div>\n\t\t\t<\/div>\n\t\t<\/div>\n\t\t\t\t<div class=\"elementor-element elementor-element-7dc72ae d-none elementor-column elementor-col-25 elementor-top-column\" data-id=\"7dc72ae\" data-element_type=\"column\" data-settings=\"{&quot;background_background&quot;:&quot;classic&quot;}\">\n\t\t\t<div class=\"elementor-column-wrap  elementor-element-populated\">\n\t\t\t\t\t\t\t<div class=\"elementor-background-overlay\"><\/div>\n\t\t\t\t\t<div class=\"elementor-widget-wrap\">\n\t\t\t\t<div class=\"elementor-element elementor-element-53cde9b elementor-widget elementor-widget-heading\" data-id=\"53cde9b\" data-element_type=\"widget\" data-widget_type=\"heading.default\">\n\t\t\t\t<div class=\"elementor-widget-container\">\n\t\t\t<h2 class=\"elementor-heading-title elementor-size-default\"><b>Probabilidad<\/b> | Alta<\/h2>\t\t<\/div>\n\t\t\t\t<\/div>\n\t\t\t\t\t\t<\/div>\n\t\t\t<\/div>\n\t\t<\/div>\n\t\t\t\t<div class=\"elementor-element elementor-element-5914edf d-none elementor-column elementor-col-25 elementor-top-column\" data-id=\"5914edf\" data-element_type=\"column\" data-settings=\"{&quot;background_background&quot;:&quot;classic&quot;}\">\n\t\t\t<div class=\"elementor-column-wrap  elementor-element-populated\">\n\t\t\t\t\t\t\t<div class=\"elementor-background-overlay\"><\/div>\n\t\t\t\t\t<div class=\"elementor-widget-wrap\">\n\t\t\t\t<div class=\"elementor-element elementor-element-85e9925 elementor-widget elementor-widget-heading\" data-id=\"85e9925\" data-element_type=\"widget\" data-widget_type=\"heading.default\">\n\t\t\t\t<div class=\"elementor-widget-container\">\n\t\t\t<h2 class=\"elementor-heading-title elementor-size-default\"><b>Rating CIVICUS<\/b> | Limitado<\/h2>\t\t<\/div>\n\t\t\t\t<\/div>\n\t\t\t\t\t\t<\/div>\n\t\t\t<\/div>\n\t\t<\/div>\n\t\t\t\t<div class=\"elementor-element elementor-element-21b2ce67 elementor-column elementor-col-25 elementor-top-column\" data-id=\"21b2ce67\" data-element_type=\"column\">\n\t\t\t<div class=\"elementor-column-wrap\">\n\t\t\t\t\t<div class=\"elementor-widget-wrap\">\n\t\t\t\t\t\t<\/div>\n\t\t\t<\/div>\n\t\t<\/div>\n\t\t\t\t\t\t<\/div>\n\t\t\t<\/div>\n\t\t<\/section>\n\t\t\t\t<section class=\"elementor-element elementor-element-402a99c5 elementor-section-boxed elementor-section-height-default elementor-section-height-default elementor-section elementor-top-section\" data-id=\"402a99c5\" data-element_type=\"section\">\n\t\t\t\t\t\t<div class=\"elementor-container elementor-column-gap-default\">\n\t\t\t\t<div class=\"elementor-row\">\n\t\t\t\t<div class=\"elementor-element elementor-element-782cdf25 d-none-2 elementor-column elementor-col-100 elementor-top-column\" data-id=\"782cdf25\" data-element_type=\"column\">\n\t\t\t<div class=\"elementor-column-wrap  elementor-element-populated\">\n\t\t\t\t\t<div class=\"elementor-widget-wrap\">\n\t\t\t\t<div class=\"elementor-element elementor-element-5946c3d4 elementor-widget elementor-widget-text-editor\" data-id=\"5946c3d4\" data-element_type=\"widget\" data-widget_type=\"text-editor.default\">\n\t\t\t\t<div class=\"elementor-widget-container\">\n\t\t\t\t\t<div class=\"elementor-text-editor elementor-clearfix\"><section id=\"nota-9\" class=\"s-about\"><div class=\"row\"><div class=\"block-1-2 block-tab-full\"><div class=\"col-block lead center-text-elacult aos-init aos-animate\" data-aos=\"fade-up\"><p class=\"csg-sobre\">La senadora oficialista Eugenia Catalfamo busca anular\u00a0la prisi\u00f3n preventiva cuando la persona acusada sea tratada como culpable por los medios de comunicaci\u00f3n antes de la que la justicia emita una sentencia. La autora sostiene que la prisi\u00f3n preventiva se utiliza como forma de persecuci\u00f3n pol\u00edtica y que los medios han sido funcionales a estas pr\u00e1cticas al magnificar algunos casos e invisibilizar otros. La iniciativa cuenta con el apoyo de 4 legisladoras cercanas a la ex presidenta (hoy vicepresidenta) Cristina Fern\u00e1ndez de Kirchner, procesada en varias causas por corrupci\u00f3n. El texto fue rechazado desde distintos medios de comunicaci\u00f3n y por la organizaci\u00f3n de entidades period\u00edsticas.\u00a0<\/p><\/div><\/div><\/div><\/section><section id=\"nota-10\" class=\"s-about-gray\"><div class=\"row section-header aos-init aos-animate\" data-aos=\"fade-up\"><div class=\"col-full\">\u00a0<\/div><\/div><\/section><\/div>\n\t\t\t\t<\/div>\n\t\t\t\t<\/div>\n\t\t\t\t\t\t<\/div>\n\t\t\t<\/div>\n\t\t<\/div>\n\t\t\t\t\t\t<\/div>\n\t\t\t<\/div>\n\t\t<\/section>\n\t\t\t\t<section class=\"elementor-element elementor-element-3414348e elementor-section-boxed elementor-section-height-default elementor-section-height-default elementor-section elementor-top-section\" data-id=\"3414348e\" data-element_type=\"section\">\n\t\t\t\t\t\t<div class=\"elementor-container elementor-column-gap-default\">\n\t\t\t\t<div class=\"elementor-row\">\n\t\t\t\t<div class=\"elementor-element elementor-element-5f59b09a elementor-column elementor-col-100 elementor-top-column\" data-id=\"5f59b09a\" data-element_type=\"column\">\n\t\t\t<div class=\"elementor-column-wrap\">\n\t\t\t\t\t<div class=\"elementor-widget-wrap\">\n\t\t\t\t\t\t<\/div>\n\t\t\t<\/div>\n\t\t<\/div>\n\t\t\t\t\t\t<\/div>\n\t\t\t<\/div>\n\t\t<\/section>\n\t\t\t\t\t\t<\/div>\n\t\t\t<\/div>\n\t\t<\/div>\n\t\t","protected":false},"excerpt":{"rendered":"<p>Argentina Impacto | Negativo Probabilidad | Alta Rating CIVICUS | Limitado La senadora oficialista Eugenia Catalfamo busca anular&nbsp;la prisi\u00f3n preventiva cuando la persona acusada sea tratada como culpable por los medios de comunicaci\u00f3n antes de la que la justicia emita una sentencia. La autora sostiene que la prisi\u00f3n preventiva se utiliza como forma de persecuci\u00f3n [&hellip;]<\/p>\n","protected":false},"author":1,"featured_media":5649,"comment_status":"open","ping_status":"open","sticky":false,"template":"","format":"standard","meta":{"_monsterinsights_skip_tracking":false,"_monsterinsights_sitenote_active":false,"_monsterinsights_sitenote_note":"","_monsterinsights_sitenote_category":0,"footnotes":""},"categories":[91,106],"tags":[68],"class_list":["post-5648","post","type-post","status-publish","format-standard","has-post-thumbnail","hentry","category-4-es","category-argentina-es","tag-libertad-de-expresion"],"wps_subtitle":"","_links":{"self":[{"href":"https:\/\/civicspaceguardian.directoriolegislativo.org\/index.php\/wp-json\/wp\/v2\/posts\/5648"}],"collection":[{"href":"https:\/\/civicspaceguardian.directoriolegislativo.org\/index.php\/wp-json\/wp\/v2\/posts"}],"about":[{"href":"https:\/\/civicspaceguardian.directoriolegislativo.org\/index.php\/wp-json\/wp\/v2\/types\/post"}],"author":[{"embeddable":true,"href":"https:\/\/civicspaceguardian.directoriolegislativo.org\/index.php\/wp-json\/wp\/v2\/users\/1"}],"replies":[{"embeddable":true,"href":"https:\/\/civicspaceguardian.directoriolegislativo.org\/index.php\/wp-json\/wp\/v2\/comments?post=5648"}],"version-history":[{"count":3,"href":"https:\/\/civicspaceguardian.directoriolegislativo.org\/index.php\/wp-json\/wp\/v2\/posts\/5648\/revisions"}],"predecessor-version":[{"id":6020,"href":"https:\/\/civicspaceguardian.directoriolegislativo.org\/index.php\/wp-json\/wp\/v2\/posts\/5648\/revisions\/6020"}],"wp:featuredmedia":[{"embeddable":true,"href":"https:\/\/civicspaceguardian.directoriolegislativo.org\/index.php\/wp-json\/wp\/v2\/media\/5649"}],"wp:attachment":[{"href":"https:\/\/civicspaceguardian.directoriolegislativo.org\/index.php\/wp-json\/wp\/v2\/media?parent=5648"}],"wp:term":[{"taxonomy":"category","embeddable":true,"href":"https:\/\/civicspaceguardian.directoriolegislativo.org\/index.php\/wp-json\/wp\/v2\/categories?post=5648"},{"taxonomy":"post_tag","embeddable":true,"href":"https:\/\/civicspaceguardian.directoriolegislativo.org\/index.php\/wp-json\/wp\/v2\/tags?post=5648"}],"curies":[{"name":"wp","href":"https:\/\/api.w.org\/{rel}","templated":true}]}}