{"id":5296,"date":"2020-05-20T18:59:00","date_gmt":"2020-05-20T18:59:00","guid":{"rendered":"https:\/\/civicspaceguardian.directoriolegislativo.org\/?p=5296"},"modified":"2020-08-20T20:37:27","modified_gmt":"2020-08-20T20:37:27","slug":"el-gobierno-dio-marcha-atras-con-un-decreto-para-aumentar-la-presion-judicial-contra-periodistas","status":"publish","type":"post","link":"https:\/\/civicspaceguardian.directoriolegislativo.org\/index.php\/2020\/05\/20\/el-gobierno-dio-marcha-atras-con-un-decreto-para-aumentar-la-presion-judicial-contra-periodistas\/","title":{"rendered":"El gobierno dio marcha atr\u00e1s con un decreto para aumentar la presi\u00f3n judicial contra periodistas"},"content":{"rendered":"\t\t<div data-elementor-type=\"wp-post\" data-elementor-id=\"5296\" class=\"elementor elementor-5296\" data-elementor-settings=\"[]\">\n\t\t\t<div class=\"elementor-inner\">\n\t\t\t\t<div class=\"elementor-section-wrap\">\n\t\t\t\t\t\t\t<section class=\"elementor-element elementor-element-152c10dd pos-absolute elementor-section-boxed elementor-section-height-default elementor-section-height-default elementor-section elementor-top-section\" data-id=\"152c10dd\" data-element_type=\"section\">\n\t\t\t\t\t\t<div class=\"elementor-container elementor-column-gap-default\">\n\t\t\t\t<div class=\"elementor-row\">\n\t\t\t\t<div class=\"elementor-element elementor-element-5d9eb7dd pos-child elementor-column elementor-col-50 elementor-top-column\" data-id=\"5d9eb7dd\" data-element_type=\"column\">\n\t\t\t<div class=\"elementor-column-wrap  elementor-element-populated\">\n\t\t\t\t\t<div class=\"elementor-widget-wrap\">\n\t\t\t\t<div class=\"elementor-element elementor-element-493b636e elementor-widget elementor-widget-image\" data-id=\"493b636e\" data-element_type=\"widget\" data-widget_type=\"image.default\">\n\t\t\t\t<div class=\"elementor-widget-container\">\n\t\t\t\t\t<div class=\"elementor-image\">\n\t\t\t\t\t\t\t\t\t\t<img loading=\"lazy\" decoding=\"async\" width=\"512\" height=\"512\" src=\"https:\/\/civicspaceguardian.directoriolegislativo.org\/wp-content\/uploads\/2020\/06\/bolivia.png\" class=\"attachment-large size-large\" alt=\"\" srcset=\"https:\/\/civicspaceguardian.directoriolegislativo.org\/wp-content\/uploads\/2020\/06\/bolivia.png 512w, https:\/\/civicspaceguardian.directoriolegislativo.org\/wp-content\/uploads\/2020\/06\/bolivia-300x300.png 300w, https:\/\/civicspaceguardian.directoriolegislativo.org\/wp-content\/uploads\/2020\/06\/bolivia-150x150.png 150w, https:\/\/civicspaceguardian.directoriolegislativo.org\/wp-content\/uploads\/2020\/06\/bolivia-100x100.png 100w\" sizes=\"(max-width: 512px) 100vw, 512px\" \/>\t\t\t\t\t\t\t\t\t\t\t<\/div>\n\t\t\t\t<\/div>\n\t\t\t\t<\/div>\n\t\t\t\t\t\t<\/div>\n\t\t\t<\/div>\n\t\t<\/div>\n\t\t\t\t<div class=\"elementor-element elementor-element-7a586621 elementor-column elementor-col-50 elementor-top-column\" data-id=\"7a586621\" data-element_type=\"column\">\n\t\t\t<div class=\"elementor-column-wrap  elementor-element-populated\">\n\t\t\t\t\t<div class=\"elementor-widget-wrap\">\n\t\t\t\t<div class=\"elementor-element elementor-element-33d60f20 elementor-widget elementor-widget-heading\" data-id=\"33d60f20\" data-element_type=\"widget\" data-widget_type=\"heading.default\">\n\t\t\t\t<div class=\"elementor-widget-container\">\n\t\t\t<h2 class=\"elementor-heading-title elementor-size-default\">Bolivia<\/h2>\t\t<\/div>\n\t\t\t\t<\/div>\n\t\t\t\t\t\t<\/div>\n\t\t\t<\/div>\n\t\t<\/div>\n\t\t\t\t\t\t<\/div>\n\t\t\t<\/div>\n\t\t<\/section>\n\t\t\t\t<section class=\"elementor-element elementor-element-7a107f86 elementor-section-boxed elementor-section-height-default elementor-section-height-default elementor-section elementor-top-section\" data-id=\"7a107f86\" data-element_type=\"section\">\n\t\t\t\t\t\t<div class=\"elementor-container elementor-column-gap-default\">\n\t\t\t\t<div class=\"elementor-row\">\n\t\t\t\t<div class=\"elementor-element elementor-element-36bc585c d-none elementor-column elementor-col-33 elementor-top-column\" data-id=\"36bc585c\" data-element_type=\"column\" data-settings=\"{&quot;background_background&quot;:&quot;classic&quot;}\">\n\t\t\t<div class=\"elementor-column-wrap  elementor-element-populated\">\n\t\t\t\t\t\t\t<div class=\"elementor-background-overlay\"><\/div>\n\t\t\t\t\t<div class=\"elementor-widget-wrap\">\n\t\t\t\t<div class=\"elementor-element elementor-element-fb549e0 elementor-widget elementor-widget-heading\" data-id=\"fb549e0\" data-element_type=\"widget\" data-widget_type=\"heading.default\">\n\t\t\t\t<div class=\"elementor-widget-container\">\n\t\t\t<h2 class=\"elementor-heading-title elementor-size-default\"><b>Impacto <\/b>| Negativo<\/h2>\t\t<\/div>\n\t\t\t\t<\/div>\n\t\t\t\t\t\t<\/div>\n\t\t\t<\/div>\n\t\t<\/div>\n\t\t\t\t<div class=\"elementor-element elementor-element-1fc8962 d-none elementor-column elementor-col-33 elementor-top-column\" data-id=\"1fc8962\" data-element_type=\"column\" data-settings=\"{&quot;background_background&quot;:&quot;classic&quot;}\">\n\t\t\t<div class=\"elementor-column-wrap  elementor-element-populated\">\n\t\t\t\t\t\t\t<div class=\"elementor-background-overlay\"><\/div>\n\t\t\t\t\t<div class=\"elementor-widget-wrap\">\n\t\t\t\t<div class=\"elementor-element elementor-element-11e1b1d elementor-widget elementor-widget-heading\" data-id=\"11e1b1d\" data-element_type=\"widget\" data-widget_type=\"heading.default\">\n\t\t\t\t<div class=\"elementor-widget-container\">\n\t\t\t<h2 class=\"elementor-heading-title elementor-size-default\"><b>Rating CIVICUS <\/b>| Obstruido<\/h2>\t\t<\/div>\n\t\t\t\t<\/div>\n\t\t\t\t\t\t<\/div>\n\t\t\t<\/div>\n\t\t<\/div>\n\t\t\t\t<div class=\"elementor-element elementor-element-247d8e90 elementor-column elementor-col-33 elementor-top-column\" data-id=\"247d8e90\" data-element_type=\"column\">\n\t\t\t<div class=\"elementor-column-wrap\">\n\t\t\t\t\t<div class=\"elementor-widget-wrap\">\n\t\t\t\t\t\t<\/div>\n\t\t\t<\/div>\n\t\t<\/div>\n\t\t\t\t\t\t<\/div>\n\t\t\t<\/div>\n\t\t<\/section>\n\t\t\t\t<section class=\"elementor-element elementor-element-8227728 elementor-section-boxed elementor-section-height-default elementor-section-height-default elementor-section elementor-top-section\" data-id=\"8227728\" data-element_type=\"section\">\n\t\t\t\t\t\t<div class=\"elementor-container elementor-column-gap-default\">\n\t\t\t\t<div class=\"elementor-row\">\n\t\t\t\t<div class=\"elementor-element elementor-element-3afbd6a2 d-none-2 elementor-column elementor-col-100 elementor-top-column\" data-id=\"3afbd6a2\" data-element_type=\"column\">\n\t\t\t<div class=\"elementor-column-wrap  elementor-element-populated\">\n\t\t\t\t\t<div class=\"elementor-widget-wrap\">\n\t\t\t\t<div class=\"elementor-element elementor-element-5a6e1111 elementor-widget elementor-widget-text-editor\" data-id=\"5a6e1111\" data-element_type=\"widget\" data-widget_type=\"text-editor.default\">\n\t\t\t\t<div class=\"elementor-widget-container\">\n\t\t\t\t\t<div class=\"elementor-text-editor elementor-clearfix\"><section><div data-aos=\"fade-up\"><section id=\"nota-4\" class=\"s-about-gray\"><div class=\"row\"><div class=\"block-1-2 block-tab-full\"><div class=\"col-block lead center-text-elacult aos-init aos-animate\" data-aos=\"fade-up\"><p class=\"csg-sobre\">Tras haber anunciado el control de redes sociales y de personas que causen desinformaci\u00f3n o incertidumbre a la poblaci\u00f3n durante el mes de marzo, el 8 de mayo, el gobierno avanz\u00f3 con un nuevo decreto que abr\u00eda la puerta a la persecuci\u00f3n judicial de los comunicadores sociales. La norma habilitaba el inicio de procesos penales contra aquellos que pusieran en riesgo la salud p\u00fablica o desinforman a trav\u00e9s de la difusi\u00f3n de informaci\u00f3n escrita o mediante la expresi\u00f3n art\u00edstica. La Asociaci\u00f3n Nacional de la Prensa de Bolivia (ANP), la Defensor\u00eda del Pueblo y pol\u00edticos del arco opositor expresaron su preocupaci\u00f3n, advirtiendo que la norma es inconstitucional y que amenaza el derecho a la informaci\u00f3n y la libertad de expresi\u00f3n. Finalmente, el 14 de mayo el gobierno comunic\u00f3 la derogaci\u00f3n del decreto y de otras dos disposiciones que hab\u00edan sido denunciadas por la Comisi\u00f3n Interamericana de Derechos Humanos (CIDH).\u00a0<a href=\"http:\/\/alertas.directoriolegislativo.org\/wp-content\/uploads\/2020\/05\/sample-13.pdf\" target=\"_blank\" rel=\"noopener\">[Link]<\/a><\/p><\/div><\/div><\/div><\/section><section id=\"nota-5\" class=\"s-about\"><div class=\"row section-header aos-init aos-animate\" data-aos=\"fade-up\"><div class=\"col-full\">\u00a0<\/div><\/div><\/section><\/div><\/section><section id=\"nota-10\" class=\"s-about-gray\"><div class=\"row section-header aos-init aos-animate\" data-aos=\"fade-up\"><div class=\"col-full\">\u00a0<\/div><\/div><\/section><\/div>\n\t\t\t\t<\/div>\n\t\t\t\t<\/div>\n\t\t\t\t\t\t<\/div>\n\t\t\t<\/div>\n\t\t<\/div>\n\t\t\t\t\t\t<\/div>\n\t\t\t<\/div>\n\t\t<\/section>\n\t\t\t\t<section class=\"elementor-element elementor-element-6f01902f elementor-section-boxed elementor-section-height-default elementor-section-height-default elementor-section elementor-top-section\" data-id=\"6f01902f\" data-element_type=\"section\">\n\t\t\t\t\t\t<div class=\"elementor-container elementor-column-gap-default\">\n\t\t\t\t<div class=\"elementor-row\">\n\t\t\t\t<div class=\"elementor-element elementor-element-5788c1b7 elementor-column elementor-col-100 elementor-top-column\" data-id=\"5788c1b7\" data-element_type=\"column\">\n\t\t\t<div class=\"elementor-column-wrap\">\n\t\t\t\t\t<div class=\"elementor-widget-wrap\">\n\t\t\t\t\t\t<\/div>\n\t\t\t<\/div>\n\t\t<\/div>\n\t\t\t\t\t\t<\/div>\n\t\t\t<\/div>\n\t\t<\/section>\n\t\t\t\t\t\t<\/div>\n\t\t\t<\/div>\n\t\t<\/div>\n\t\t","protected":false},"excerpt":{"rendered":"<p>Bolivia Impacto | Negativo Rating CIVICUS | Obstruido Tras haber anunciado el control de redes sociales y de personas que causen desinformaci\u00f3n o incertidumbre a la poblaci\u00f3n durante el mes de marzo, el 8 de mayo, el gobierno avanz\u00f3 con un nuevo decreto que abr\u00eda la puerta a la persecuci\u00f3n judicial de los comunicadores sociales. [&hellip;]<\/p>\n","protected":false},"author":1,"featured_media":5297,"comment_status":"open","ping_status":"open","sticky":false,"template":"","format":"standard","meta":{"_monsterinsights_skip_tracking":false,"_monsterinsights_sitenote_active":false,"_monsterinsights_sitenote_note":"","_monsterinsights_sitenote_category":0,"footnotes":""},"categories":[93,144],"tags":[68],"class_list":["post-5296","post","type-post","status-publish","format-standard","has-post-thumbnail","hentry","category-6-es","category-bolivia-es","tag-libertad-de-expresion"],"wps_subtitle":"","_links":{"self":[{"href":"https:\/\/civicspaceguardian.directoriolegislativo.org\/index.php\/wp-json\/wp\/v2\/posts\/5296"}],"collection":[{"href":"https:\/\/civicspaceguardian.directoriolegislativo.org\/index.php\/wp-json\/wp\/v2\/posts"}],"about":[{"href":"https:\/\/civicspaceguardian.directoriolegislativo.org\/index.php\/wp-json\/wp\/v2\/types\/post"}],"author":[{"embeddable":true,"href":"https:\/\/civicspaceguardian.directoriolegislativo.org\/index.php\/wp-json\/wp\/v2\/users\/1"}],"replies":[{"embeddable":true,"href":"https:\/\/civicspaceguardian.directoriolegislativo.org\/index.php\/wp-json\/wp\/v2\/comments?post=5296"}],"version-history":[{"count":3,"href":"https:\/\/civicspaceguardian.directoriolegislativo.org\/index.php\/wp-json\/wp\/v2\/posts\/5296\/revisions"}],"predecessor-version":[{"id":5458,"href":"https:\/\/civicspaceguardian.directoriolegislativo.org\/index.php\/wp-json\/wp\/v2\/posts\/5296\/revisions\/5458"}],"wp:featuredmedia":[{"embeddable":true,"href":"https:\/\/civicspaceguardian.directoriolegislativo.org\/index.php\/wp-json\/wp\/v2\/media\/5297"}],"wp:attachment":[{"href":"https:\/\/civicspaceguardian.directoriolegislativo.org\/index.php\/wp-json\/wp\/v2\/media?parent=5296"}],"wp:term":[{"taxonomy":"category","embeddable":true,"href":"https:\/\/civicspaceguardian.directoriolegislativo.org\/index.php\/wp-json\/wp\/v2\/categories?post=5296"},{"taxonomy":"post_tag","embeddable":true,"href":"https:\/\/civicspaceguardian.directoriolegislativo.org\/index.php\/wp-json\/wp\/v2\/tags?post=5296"}],"curies":[{"name":"wp","href":"https:\/\/api.w.org\/{rel}","templated":true}]}}